{"id":25819,"date":"2011-07-14T16:46:40","date_gmt":"2011-07-14T16:46:40","guid":{"rendered":"https:\/\/obscom.intervozes.org.br\/wordpress\/?p=25819"},"modified":"2011-07-14T16:46:40","modified_gmt":"2011-07-14T16:46:40","slug":"anatel-discute-tarifacao-diferenciada-para-a-area-rural","status":"publish","type":"post","link":"https:\/\/obscom.intervozes.org.br\/?p=25819","title":{"rendered":"Anatel discute tarifa\u00e7\u00e3o diferenciada para a \u00e1rea rural"},"content":{"rendered":"<p class=\"padrao\"><strong>Helton Posseti &#8211; Teletime<\/strong><\/p>\n<p>A Anatel j&aacute; trabalha no regulamento para o servi&ccedil;o de telefonia fora da &aacute;rea de tarifa&ccedil;&atilde;o b&aacute;sica, que definir&aacute; as regras da oferta do servi&ccedil;o telef&ocirc;nico na &aacute;rea rural. O PGMU III determina que as concession&aacute;rias levem acesso individual do STFC aos domic&iacute;lios rurais dentro de um raio de 30 km da sede do munic&iacute;pio.<\/p>\n<p>Uma das principais inova&ccedil;&otilde;es do documento &eacute; a cria&ccedil;&atilde;o de uma tarifa diferenciada para as chamadas que se destinam e que partem da zona rural. O novo regulamento definir&aacute; tamb&eacute;m os prazos para que todos os domic&iacute;lios destas regi&otilde;es, estimadas em 30 mil localidades, contem com o servi&ccedil;o at&eacute; 31 de dezembro de 2015, como determina o PGMU III.<\/p>\n<p>De acordo com o gerente de controle das obriga&ccedil;&otilde;es da superintend&ecirc;ncia de universaliza&ccedil;&atilde;o da Anatel, Ricardo Itonaga, a ideia est&aacute; nos estudos preliminares da ag&ecirc;ncia para o regulamento. Ele explica que a oferta precisa preservar o equil&iacute;brio econ&ocirc;mico-financeiro das empresas e, por isso, pode ser necess&aacute;rio estabelecer uma tarifa mais alta para se equilibrar com o custo de constru&ccedil;&atilde;o de rede na &aacute;rea rural.<\/p>\n<p>O atendimento da &aacute;rea rural est&aacute; condicionado &agrave; licita&ccedil;&atilde;o da faixa de 450 MHz, que foi objeto de discuss&otilde;es dos senadores da Comiss&atilde;o de Ci&ecirc;ncia, Tecnologia, Inova&ccedil;&atilde;o, Comunica&ccedil;&atilde;o e Inform&aacute;tica do Senado nesta quarta, 13.<\/p>\n","protected":false},"excerpt":{"rendered":"<p>Helton Posseti &#8211; Teletime A Anatel j&aacute; trabalha no regulamento para o servi&ccedil;o de telefonia fora da &aacute;rea de tarifa&ccedil;&atilde;o b&aacute;sica, que definir&aacute; as regras da oferta do servi&ccedil;o telef&ocirc;nico na &aacute;rea rural. O PGMU III determina que as concession&aacute;rias levem acesso individual do STFC aos domic&iacute;lios rurais dentro de um raio de 30 km &hellip; <a href=\"https:\/\/obscom.intervozes.org.br\/?p=25819\" class=\"more-link\">Continue lendo <span class=\"screen-reader-text\">Anatel discute tarifa\u00e7\u00e3o diferenciada para a \u00e1rea rural<\/span> <span class=\"meta-nav\">&rarr;<\/span><\/a><\/p>\n","protected":false},"author":1,"featured_media":0,"comment_status":"open","ping_status":"open","sticky":false,"template":"","format":"standard","meta":{"footnotes":""},"categories":[39],"tags":[],"_links":{"self":[{"href":"https:\/\/obscom.intervozes.org.br\/index.php?rest_route=\/wp\/v2\/posts\/25819"}],"collection":[{"href":"https:\/\/obscom.intervozes.org.br\/index.php?rest_route=\/wp\/v2\/posts"}],"about":[{"href":"https:\/\/obscom.intervozes.org.br\/index.php?rest_route=\/wp\/v2\/types\/post"}],"author":[{"embeddable":true,"href":"https:\/\/obscom.intervozes.org.br\/index.php?rest_route=\/wp\/v2\/users\/1"}],"replies":[{"embeddable":true,"href":"https:\/\/obscom.intervozes.org.br\/index.php?rest_route=%2Fwp%2Fv2%2Fcomments&post=25819"}],"version-history":[{"count":0,"href":"https:\/\/obscom.intervozes.org.br\/index.php?rest_route=\/wp\/v2\/posts\/25819\/revisions"}],"wp:attachment":[{"href":"https:\/\/obscom.intervozes.org.br\/index.php?rest_route=%2Fwp%2Fv2%2Fmedia&parent=25819"}],"wp:term":[{"taxonomy":"category","embeddable":true,"href":"https:\/\/obscom.intervozes.org.br\/index.php?rest_route=%2Fwp%2Fv2%2Fcategories&post=25819"},{"taxonomy":"post_tag","embeddable":true,"href":"https:\/\/obscom.intervozes.org.br\/index.php?rest_route=%2Fwp%2Fv2%2Ftags&post=25819"}],"curies":[{"name":"wp","href":"https:\/\/api.w.org\/{rel}","templated":true}]}}