{"id":25814,"date":"2011-07-13T17:06:30","date_gmt":"2011-07-13T17:06:30","guid":{"rendered":"https:\/\/obscom.intervozes.org.br\/wordpress\/?p=25814"},"modified":"2011-07-13T17:06:30","modified_gmt":"2011-07-13T17:06:30","slug":"banda-larga-por-r-3500-e-rejeitada-por-44-da-populacao","status":"publish","type":"post","link":"https:\/\/obscom.intervozes.org.br\/?p=25814","title":{"rendered":"Banda larga por R$ 35,00 \u00e9 rejeitada por 44% da popula\u00e7\u00e3o"},"content":{"rendered":"<p><span class=\"padrao\">A banda larga popular busca atenuar o principal problema apontado pelos brasileiros para acessar a rede mundial de computadores: o pre&ccedil;o. &nbsp;Por&eacute;m o valor de R$ 35,00 no plano mensal domiciliar ainda &eacute; rejeitado por 44% da popula&ccedil;&atilde;o, na maioria entre a classes C, D, E. Dessa forma, o pacote lan&ccedil;ado pelo governo deve alterar pouco o fato de 52% pa&iacute;s jamais ter navegado na rede.<\/p>\n<p>Os n&uacute;meros apontados s&atilde;o do estudo TIC Domic&iacute;lios, publicado pelo Centro de Estudos sobre as Tecnologias da Informa&ccedil;&atilde;o e da Comunica&ccedil;&atilde;o (CETIC.br), que utiliza como fonte de informa&ccedil;&otilde;es o Censo Demogr&aacute;fico Brasileiro (Censo, 2000) e a Pesquisa Nacional por Amostra de Domic&iacute;lio (PNAD, 2009). A avalia&ccedil;&atilde;o que a quest&atilde;o econ&ocirc;mica &eacute; predominante para exclus&atilde;o digital &eacute; confirmada pelo coordenador de projetos de pesquisa do Cetic.br, Juliano Cappi: &quot;De acordo com nossos resultados, a principal a barreira &eacute; o custo, tanto no acesso ao computador, quanto a internet&quot;.<\/p>\n<p>A classe C tende a ser a aquela com maior quantidade de pessoas que se adequar&aacute; a internet com assinatura mensal de R$ 35,00, anunciada no dia 30 de junho pelo governo federal. Na pesquisa 76% dessa parcela da popula&ccedil;&atilde;o n&atilde;o tem internet na resid&ecirc;ncia e alega a falta de dinheiro como impec&iacute;lio primordial, com 53%. Contudo, 61% da classe C n&atilde;o est&aacute; disposta a pagar mais de R$ 30,00 pelo servi&ccedil;o. Sem internet no domic&iacute;lio, as lan houses continuam representar parcela significativa entre aqueles que acessam a rede na classe C, 41%.<\/p>\n<p>J&aacute; os benefici&aacute;rios do principal programa social da presidenta Dilma Rousseff, Brasil sem Mis&eacute;ria, continuar&atilde;o em dificuldades para ter acesso &agrave; rede, mesmo com o novo pacote de R$ 35,00. Nas classes D-E a maioria tem renda familiar inferior a um sal&aacute;rio m&iacute;nimo (R$ 510,00) e 81% jamais acessou a internet. Neste segmento 53% n&atilde;o demonstrou interesse em pagar qualquer valor para ter acesso &agrave; banda larga.<\/p>\n<p>O est&iacute;mulo do governo a internet domiciliar &eacute; compreendida de forma positiva por Juliana Cappi: &quot;A comodidade contribui para ser usu&aacute;rio mais ass&iacute;duo.&nbsp;Por mais que tenha a lan house, o acesso domiciliar, em geral, promove frequ&ecirc;ncia de uso mais elevada, melhora a capacita&ccedil;&atilde;o, impacta o uso das ferramentas e demais atividades.&quot;<\/p>\n<p><strong>Pol&iacute;tica social<\/strong><\/p>\n<p>Por&eacute;m, al&eacute;m do valor tarif&aacute;rio, outro fator &eacute; apontado de forma redundante para exclus&atilde;o digital no pa&iacute;s: falta de habilidade com o computador e internet. Juliano Cappi aponta que muitos dos membros das Classes C, D, E n&atilde;o demonstram interesse em pagar ou utilizar centros p&uacute;blicos porque n&atilde;o t&ecirc;m no&ccedil;&atilde;o da import&acirc;ncia e\/ou n&atilde;o teve mecanismos educacionais para lidar com essas tecnologias.<\/p>\n<p>J&aacute; o t&eacute;cnico do Instituto de Pesquisas Aplicadas (IPEA), Jo&atilde;o Maria Oliveira, atesta que o recente acordo firmado pelo governo d&aacute; ritmo muito confort&aacute;vel as empresas de telecomunica&ccedil;&atilde;o: &quot;Talvez seja um ritmo que n&atilde;o seja para sociedade brasileira&quot;.<\/p>\n<p>Para ele, o plano expans&atilde;o deveria ser associado a quest&otilde;es maiores da sociedade: &quot;O acesso a internet possibilita mais pessoas se incluindo de forma mais r&aacute;pida. Deveria ser atrelado a sa&uacute;de, educa&ccedil;&atilde;o, seguran&ccedil;a. Segundo o Banco Mundial, a cada dez pontos no aumento do acesso, aumenta 1,38% do PIB&quot;.<\/p>\n<p>Juliano Cappi endossa a necessidade de articular com as pol&iacute;ticas de educa&ccedil;&atilde;o e centro p&uacute;blicos de acesso: &quot;As pessoas precisam ter no&ccedil;&atilde;o dos perigos, problemas, responsabilidades. Ou se faz isso atrav&eacute;s da educa&ccedil;&atilde;o ou de telecentros, para as pessoas terem orienta&ccedil;&atilde;o no uso&quot;.<\/p>\n<p><strong>Segunda categoria<\/strong><\/p>\n<p>A pesquisa do Cetic.Br aponta que entre aqueles que acessam a internet, os membros das classes C,D,E j&aacute; utilizam menos os instrumentos oferecidos, entre os quais: governo e com&eacute;rcio eletr&ocirc;nico, lazer, comunica&ccedil;&atilde;o e educa&ccedil;&atilde;o. Tal desnivelamento tem origem, em grande medida, nos entraves para acessar p&aacute;ginas que demandam maior qualidade na conex&atilde;o dos usu&aacute;rios, j&aacute; que no mesmo estudo 37% dos entrevistados afirmam ter como maior dificuldade de usar a rede o fato de ter p&aacute;ginas pesadas.<\/p>\n<p>No pacote lan&ccedil;ado pelo governo tais disparidades devem se perpetuar, j&aacute; que o usu&aacute;rio ter&aacute; mensalmente 1 Mbps de velocidade e download sob limite de 300 Mb\/m&ecirc;s na banda larga fixa e 150 Mb\/m&ecirc;s na m&oacute;vel. O t&eacute;cnico do IPEA explana que isso vai impactar na utiliza&ccedil;&atilde;o de ferramentas de v&iacute;deo, imagem, voz: &quot;Quando limita [o tr&aacute;fego], cria-se o usu&aacute;rio de segunda categoria.&quot;<\/p>\n<p><strong>Universaliza&ccedil;&atilde;o<\/strong><\/p>\n<p>O &uacute;nico servi&ccedil;o tratado como p&uacute;blico nas telecomunica&ccedil;&otilde;es, a telefonia fixa, findou recentemente um plano de universaliza&ccedil;&atilde;o. Segundo Jo&atilde;o Maria perdeu-se a oportunidade de relacionar com as metas de internet, e n&atilde;o h&aacute; impeditivos legais: &quot;Dizem que a Lei Geral de Telecomunica&ccedil;&otilde;es (LGT) n&atilde;o permite, mas onde est&aacute; dizendo isso? Bastava ter adequa&ccedil;&atilde;o na regula&ccedil;&atilde;o via Anatel, o governo tem condi&ccedil;&otilde;es de promover a moderniza&ccedil;&atilde;o desse segmento&quot;.<\/p>\n<p>Ao inv&eacute;s de debater aumento dos orelh&otilde;es ou redu&ccedil;&atilde;o das tarifas, Oliveira aponta que o Plano Geral de Metas de Universaliza&ccedil;&atilde;o (PGMU) deveria ter uma mudan&ccedil;a de paradigma: &quot;Tratamos como a voz fosse o mais importante, no nosso modelo, a voz &eacute; tarifada pelo tempo e dist&acirc;ncia, quando n&atilde;o deveria ser mais o par&acirc;metro, e sim o transporte de dados, no qual voz &eacute; apenas um elemento&quot;. Para ele as empresas j&aacute; trabalham sob essa nova l&oacute;gica ao utilizar a estrutura da telefonia fixa para o transporte de dados.<\/span><\/p>\n","protected":false},"excerpt":{"rendered":"<p>Plano de banda larga a R$35,00 gerar&aacute; restri&ccedil;&otilde;es a uso de ferramentas e  n&atilde;o &eacute; barato o suficiente para levar internet para camada mais pobre da  popula&ccedil;&atilde;o<\/p>\n","protected":false},"author":1,"featured_media":0,"comment_status":"open","ping_status":"open","sticky":false,"template":"","format":"standard","meta":{"footnotes":""},"categories":[40],"tags":[1123],"_links":{"self":[{"href":"https:\/\/obscom.intervozes.org.br\/index.php?rest_route=\/wp\/v2\/posts\/25814"}],"collection":[{"href":"https:\/\/obscom.intervozes.org.br\/index.php?rest_route=\/wp\/v2\/posts"}],"about":[{"href":"https:\/\/obscom.intervozes.org.br\/index.php?rest_route=\/wp\/v2\/types\/post"}],"author":[{"embeddable":true,"href":"https:\/\/obscom.intervozes.org.br\/index.php?rest_route=\/wp\/v2\/users\/1"}],"replies":[{"embeddable":true,"href":"https:\/\/obscom.intervozes.org.br\/index.php?rest_route=%2Fwp%2Fv2%2Fcomments&post=25814"}],"version-history":[{"count":0,"href":"https:\/\/obscom.intervozes.org.br\/index.php?rest_route=\/wp\/v2\/posts\/25814\/revisions"}],"wp:attachment":[{"href":"https:\/\/obscom.intervozes.org.br\/index.php?rest_route=%2Fwp%2Fv2%2Fmedia&parent=25814"}],"wp:term":[{"taxonomy":"category","embeddable":true,"href":"https:\/\/obscom.intervozes.org.br\/index.php?rest_route=%2Fwp%2Fv2%2Fcategories&post=25814"},{"taxonomy":"post_tag","embeddable":true,"href":"https:\/\/obscom.intervozes.org.br\/index.php?rest_route=%2Fwp%2Fv2%2Ftags&post=25814"}],"curies":[{"name":"wp","href":"https:\/\/api.w.org\/{rel}","templated":true}]}}