{"id":25793,"date":"2011-07-07T14:09:29","date_gmt":"2011-07-07T14:09:29","guid":{"rendered":"https:\/\/obscom.intervozes.org.br\/wordpress\/?p=25793"},"modified":"2011-07-07T14:09:29","modified_gmt":"2011-07-07T14:09:29","slug":"pesquisadores-e-deputados-defendem-regulacao-da-midia","status":"publish","type":"post","link":"https:\/\/obscom.intervozes.org.br\/?p=25793","title":{"rendered":"Pesquisadores e deputados defendem regula\u00e7\u00e3o da m\u00eddia"},"content":{"rendered":"<p><span class=\"padrao\">Pesquisadores, consultores e deputados defenderam nesta quarta-feira que sejam institu&iacute;dos no Brasil instrumentos de regula&ccedil;&atilde;o da m&iacute;dia. Em semin&aacute;rio promovido pela Frente Parlamentar pela Liberdade de Express&atilde;o e o Direito &agrave; Comunica&ccedil;&atilde;o com Participa&ccedil;&atilde;o Popular, os participantes foram un&acirc;nimes em atestar a insufici&ecirc;ncia dos instrumentos de autorregula&ccedil;&atilde;o para garantir a liberdade de express&atilde;o e o direito &agrave; comunica&ccedil;&atilde;o.<\/p>\n<p>O consultor internacional da Organiza&ccedil;&atilde;o das Na&ccedil;&otilde;es Unidas para a Educa&ccedil;&atilde;o, a Ci&ecirc;ncia e a Cultura (Unesco) Andrew Puddephatt ressaltou que a liberdade de express&atilde;o deve ser garantida e deve ser protegida a independ&ecirc;ncia dos &oacute;rg&atilde;os de m&iacute;dia, devendo os conte&uacute;dos jornal&iacute;sticos serem autorregulados. &ldquo;Por&eacute;m, como todo outro mercado, s&atilde;o necess&aacute;rias regras para o funcionamento do mercado de m&iacute;dia&rdquo;, disse.<\/p>\n<p>Segundo ele, a liberdade de express&atilde;o precisa de algumas restri&ccedil;&otilde;es &ndash; por exemplo, em rela&ccedil;&atilde;o a discursos discriminat&oacute;rios. &ldquo;Essas restri&ccedil;&otilde;es devem ser feitas por leis, em acordo com normas internacionais de direitos humanos. A puni&ccedil;&atilde;o pela desobedi&ecirc;ncia a essas restri&ccedil;&otilde;es deve ser aplicadas por tribunais&rdquo;, explicou.<\/p>\n<p>A Unesco recomenda a institui&ccedil;&atilde;o de regras, por exemplo, para proteger a pluralidade e a diversidade da m&iacute;dia e para garantir a prote&ccedil;&atilde;o de grupos minorit&aacute;rios, como crian&ccedil;as. Uma alternativa seria, por exemplo, o estabelecimento de hor&aacute;rios especiais para programas com viol&ecirc;ncia expl&iacute;cita e pornografia.<\/p>\n<p>Puddephatt tamb&eacute;m ressaltou a necessidade de regras para garantir uma propor&ccedil;&atilde;o de conte&uacute;do local nas m&iacute;dias e para se promover mercados para os produtores independentes de conte&uacute;do (aqueles que n&atilde;o s&atilde;o distribuidores de conte&uacute;do tamb&eacute;m).<\/p>\n<p><strong>Novo &oacute;rg&atilde;o<\/strong><\/p>\n<p>O representante da Unesco Brasil Guilherme Canela destacou que outra recomenda&ccedil;&atilde;o &eacute; de que o Brasil constitua um &oacute;rg&atilde;o regulador &uacute;nico para os setores de telecomunica&ccedil;&otilde;es e de radiodifus&atilde;o. Hoje a Ag&ecirc;ncia Nacional de Telecomunica&ccedil;&otilde;es (Anatel) regula apenas o setor de telecomunica&ccedil;&otilde;es.<\/p>\n<p>Esse novo &oacute;rg&atilde;o, conforme Puddephatt, seria respons&aacute;vel por garantir o uso eficiente do espectro radioel&eacute;trico, para atender ao interesse p&uacute;blico; por conceder licen&ccedil;as; e por assegurar a competi&ccedil;&atilde;o. Al&eacute;m disso, atuaria como um ouvidor dos consumidores. &ldquo;O consumidor deve poder reclamar sobre o conte&uacute;do das m&iacute;dias para o &oacute;rg&atilde;o regulador&rdquo;, disse o consultor.<\/p>\n<p><strong>Frente parlamentar<\/strong><\/p>\n<p>Criada em abril de 2011, a frente &eacute; integrada por 206 parlamentares e conta com a participa&ccedil;&atilde;o de 104 entidades da sociedade civil. O objetivo da frente, segundo a sua coordenadora-geral, deputada Luiza Erundina (PSB-SP), &eacute; formular propostas para uma nova lei para o setor das comunica&ccedil;&otilde;es, em discuss&atilde;o no Minist&eacute;rio das Comunica&ccedil;&otilde;es.<\/p>\n<p>&ldquo;Queremos que esse marco regulat&oacute;rio venha o mais rapidamente para o Congresso para poder dar in&iacute;cio &agrave;s discuss&otilde;es&rdquo;, disse o deputado Emiliano Jos&eacute; (PT-BA), tamb&eacute;m um dos coordenadores da frente. &ldquo;N&atilde;o acreditamos que a autorregula&ccedil;&atilde;o seja suficiente para enfrentar os problemas do setor de comunica&ccedil;&otilde;es no Brasil&rdquo;, completou.<\/p>\n<p>Representantes de algumas entidades que comp&otilde;em a frente, como o Coletivo Intervozes e a Associa&ccedil;&atilde;o Brasileira de Radiodifus&atilde;o Comunit&aacute;ria (Abra&ccedil;o), tamb&eacute;m ressaltaram a inefic&aacute;cia da autorregula&ccedil;&atilde;o e manifestaram apoio a institui&ccedil;&atilde;o de mecanismos de regula&ccedil;&atilde;o para o setor de comunica&ccedil;&otilde;es.<\/span><\/p>\n","protected":false},"excerpt":{"rendered":"<p>Pesquisadores, consultores e deputados defenderam nesta quarta-feira que sejam institu&iacute;dos no Brasil instrumentos de regula&ccedil;&atilde;o da m&iacute;dia. Em semin&aacute;rio promovido pela Frente Parlamentar pela Liberdade de Express&atilde;o e o Direito &agrave; Comunica&ccedil;&atilde;o com Participa&ccedil;&atilde;o Popular, os participantes foram un&acirc;nimes em atestar a insufici&ecirc;ncia dos instrumentos de autorregula&ccedil;&atilde;o para garantir a liberdade de express&atilde;o e o &hellip; <a href=\"https:\/\/obscom.intervozes.org.br\/?p=25793\" class=\"more-link\">Continue lendo <span class=\"screen-reader-text\">Pesquisadores e deputados defendem regula\u00e7\u00e3o da m\u00eddia<\/span> <span class=\"meta-nav\">&rarr;<\/span><\/a><\/p>\n","protected":false},"author":1,"featured_media":0,"comment_status":"open","ping_status":"open","sticky":false,"template":"","format":"standard","meta":{"footnotes":""},"categories":[40],"tags":[393],"_links":{"self":[{"href":"https:\/\/obscom.intervozes.org.br\/index.php?rest_route=\/wp\/v2\/posts\/25793"}],"collection":[{"href":"https:\/\/obscom.intervozes.org.br\/index.php?rest_route=\/wp\/v2\/posts"}],"about":[{"href":"https:\/\/obscom.intervozes.org.br\/index.php?rest_route=\/wp\/v2\/types\/post"}],"author":[{"embeddable":true,"href":"https:\/\/obscom.intervozes.org.br\/index.php?rest_route=\/wp\/v2\/users\/1"}],"replies":[{"embeddable":true,"href":"https:\/\/obscom.intervozes.org.br\/index.php?rest_route=%2Fwp%2Fv2%2Fcomments&post=25793"}],"version-history":[{"count":0,"href":"https:\/\/obscom.intervozes.org.br\/index.php?rest_route=\/wp\/v2\/posts\/25793\/revisions"}],"wp:attachment":[{"href":"https:\/\/obscom.intervozes.org.br\/index.php?rest_route=%2Fwp%2Fv2%2Fmedia&parent=25793"}],"wp:term":[{"taxonomy":"category","embeddable":true,"href":"https:\/\/obscom.intervozes.org.br\/index.php?rest_route=%2Fwp%2Fv2%2Fcategories&post=25793"},{"taxonomy":"post_tag","embeddable":true,"href":"https:\/\/obscom.intervozes.org.br\/index.php?rest_route=%2Fwp%2Fv2%2Ftags&post=25793"}],"curies":[{"name":"wp","href":"https:\/\/api.w.org\/{rel}","templated":true}]}}