{"id":25786,"date":"2011-07-06T15:42:18","date_gmt":"2011-07-06T15:42:18","guid":{"rendered":"https:\/\/obscom.intervozes.org.br\/wordpress\/?p=25786"},"modified":"2011-07-06T15:42:18","modified_gmt":"2011-07-06T15:42:18","slug":"reclamacoes-contra-servicos-de-telecom-dao-um-salto-em-maio","status":"publish","type":"post","link":"https:\/\/obscom.intervozes.org.br\/?p=25786","title":{"rendered":"Reclama\u00e7\u00f5es contra servi\u00e7os de Telecom d\u00e3o um salto em maio"},"content":{"rendered":"<p><span class=\"padrao\"><strong>Reda&ccedil;&atilde;o &#8211; Teles&iacute;ntese<\/strong><\/p>\n<p>As reclama&ccedil;&otilde;es contra os servi&ccedil;os de telecomunica&ccedil;&otilde;es deram um salto no m&ecirc;s de maio. As queixas registradas alcan&ccedil;aram 166,7 mil contra 133,9 anotadas no m&ecirc;s de abril. &Eacute; o pior resultado dos &uacute;ltimos 12 meses, superando as 153,7 mil reclama&ccedil;&otilde;es registradas em fevereiro, at&eacute; ent&atilde;o o pior resultado, segundo dados da Anatel.<\/p>\n<p>Os servi&ccedil;os m&oacute;veis, com maior base de dados, foram reclamados por 76,1 mil usu&aacute;rios ante as 59 mil queixas de abril. A telefonia fixa foi respons&aacute;vel por 56,1 mil reclama&ccedil;&otilde;es contra 45,2 mil no m&ecirc;s anterior. Os acessos &agrave; internet responderam por 23,6 mil queixas, resultado superior ao registrado em abril, quando recebeu 19,9 mil. J&aacute; as reclama&ccedil;&otilde;es contra operadoras de TV por assinatura cresceram de 6,8 mil, em abril, para 7,4 mil, em maio, Os outros servi&ccedil;os ficaram com 3,3 mil reclama&ccedil;&otilde;es contra 2,8 mil de abril.<\/p>\n<p>Os principais motivos de reclama&ccedil;&otilde;es fora, cobran&ccedil;a indevidas, servi&ccedil;os adicionais e atendimento, nos servi&ccedil;os m&oacute;veis; reparo, cobran&ccedil;a indevida e instala&ccedil;&atilde;o, na telefonia fixa; reparo, cobran&ccedil;a indevida e instala&ccedil;&atilde;o, nos acessos &agrave; internet; e cobran&ccedil;a indevida, reparo e instala&ccedil;&atilde;o, nos servi&ccedil;os de TV por assinatura.<\/span><\/p>\n<p>&nbsp;<\/p>\n","protected":false},"excerpt":{"rendered":"<p>Reda&ccedil;&atilde;o &#8211; Teles&iacute;ntese As reclama&ccedil;&otilde;es contra os servi&ccedil;os de telecomunica&ccedil;&otilde;es deram um salto no m&ecirc;s de maio. As queixas registradas alcan&ccedil;aram 166,7 mil contra 133,9 anotadas no m&ecirc;s de abril. &Eacute; o pior resultado dos &uacute;ltimos 12 meses, superando as 153,7 mil reclama&ccedil;&otilde;es registradas em fevereiro, at&eacute; ent&atilde;o o pior resultado, segundo dados da Anatel. &hellip; <a href=\"https:\/\/obscom.intervozes.org.br\/?p=25786\" class=\"more-link\">Continue lendo <span class=\"screen-reader-text\">Reclama\u00e7\u00f5es contra servi\u00e7os de Telecom d\u00e3o um salto em maio<\/span> <span class=\"meta-nav\">&rarr;<\/span><\/a><\/p>\n","protected":false},"author":1,"featured_media":0,"comment_status":"open","ping_status":"open","sticky":false,"template":"","format":"standard","meta":{"footnotes":""},"categories":[39],"tags":[],"_links":{"self":[{"href":"https:\/\/obscom.intervozes.org.br\/index.php?rest_route=\/wp\/v2\/posts\/25786"}],"collection":[{"href":"https:\/\/obscom.intervozes.org.br\/index.php?rest_route=\/wp\/v2\/posts"}],"about":[{"href":"https:\/\/obscom.intervozes.org.br\/index.php?rest_route=\/wp\/v2\/types\/post"}],"author":[{"embeddable":true,"href":"https:\/\/obscom.intervozes.org.br\/index.php?rest_route=\/wp\/v2\/users\/1"}],"replies":[{"embeddable":true,"href":"https:\/\/obscom.intervozes.org.br\/index.php?rest_route=%2Fwp%2Fv2%2Fcomments&post=25786"}],"version-history":[{"count":0,"href":"https:\/\/obscom.intervozes.org.br\/index.php?rest_route=\/wp\/v2\/posts\/25786\/revisions"}],"wp:attachment":[{"href":"https:\/\/obscom.intervozes.org.br\/index.php?rest_route=%2Fwp%2Fv2%2Fmedia&parent=25786"}],"wp:term":[{"taxonomy":"category","embeddable":true,"href":"https:\/\/obscom.intervozes.org.br\/index.php?rest_route=%2Fwp%2Fv2%2Fcategories&post=25786"},{"taxonomy":"post_tag","embeddable":true,"href":"https:\/\/obscom.intervozes.org.br\/index.php?rest_route=%2Fwp%2Fv2%2Ftags&post=25786"}],"curies":[{"name":"wp","href":"https:\/\/api.w.org\/{rel}","templated":true}]}}