{"id":25783,"date":"2011-07-06T15:10:50","date_gmt":"2011-07-06T15:10:50","guid":{"rendered":"https:\/\/obscom.intervozes.org.br\/wordpress\/?p=25783"},"modified":"2011-07-06T15:10:50","modified_gmt":"2011-07-06T15:10:50","slug":"net-acredita-que-com-plc-116-aprovado-regulamentacao-tera-que-ser-unica","status":"publish","type":"post","link":"https:\/\/obscom.intervozes.org.br\/?p=25783","title":{"rendered":"Net acredita que, com PLC 116 aprovado, regulamenta\u00e7\u00e3o ter\u00e1 que ser \u00fanica"},"content":{"rendered":"<p><span class=\"padrao\">A Net Servi&ccedil;os acredita que a aprova&ccedil;&atilde;o do PLC 116\/2010 deva acontecer nos pr&oacute;ximos dias, conforme a pauta do Senado. &quot;O texto est&aacute; na pauta e espero que passe. Mas operacionalmente, ele ser aprovado n&atilde;o muda nada para a Net. A vida segue, com foco no assinante&quot;, disse Jos&eacute; Felix, presidente da operadora. A Net ter&aacute;, segundo apurou este notici&aacute;rio, que fazer alguns ajustes na programa&ccedil;&atilde;o para poder atender &agrave; pol&iacute;tica de cotas, sobretudo nos pacotes mais simples, mas isso depende de saber exatamente como os programadores v&atilde;o se ajustar ao projeto.<\/p>\n<p>Do ponto de vista regulat&oacute;rio, a Net Servi&ccedil;os acredita que a aprova&ccedil;&atilde;o do PLC 116\/2010 for&ccedil;ar&aacute; uma revis&atilde;o completa no Regulamento de TV a Cabo que est&aacute; sendo proposto. &quot;N&atilde;o faz sentido a Anatel pensar em um regulamento de uma &uacute;nica tecnologia quando o esp&iacute;rito do projeto &eacute; tratar o servi&ccedil;o de TV paga independete da plataforma&quot;, diz Andr&eacute; Borges, vice-presidnete jur&iacute;dico e regulat&oacute;rio da operadora.<\/p>\n<p>Mas mesmo no Regulamento de TV a Cabo a Net v&ecirc; problemas, sobretudo na quest&atilde;o da defini&ccedil;&atilde;o de empresas com Poder de Mercado Relevante. &quot;Entendemos que n&atilde;o faz sentido a Net ser tratada como detentora de PMS quando o mercado relevante &eacute; o de TV por assinatura, onde h&aacute; muita concorr&ecirc;ncia com o DTH e outras tecnologias&quot;, disse Felix. &quot;Se eu sou l&iacute;der em 96 cidades &eacute; porque trabalhamos de maneira competente para isso, porque a concorr&ecirc;ncia sempre esteve l&aacute;&quot;, diz. Al&eacute;m da quest&atilde;o do PMS, que a Net entende que deveria ser tratada no Plano Geral de Metas de Competi&ccedil;&atilde;o, ainda preocupa a operadora a inger&ecirc;ncia da Anatel sobre contratos de programa&ccedil;&atilde;o e sobre publicidade e a falta de limites ao n&uacute;mero de outorgas. &quot;Existe um limite sim, que est&aacute; na pr&oacute;pria dificuldade de instala&ccedil;&atilde;o das redes&quot;, diz Andr&eacute; Borges, lembrando que a Lei do Cabo desde sempre tratou do conceito de redes &uacute;nicas e redes p&uacute;blicas justamente por isso.<\/p>\n<p>A Net Servi&ccedil;os tamb&eacute;m comentou o acordo entre governo e concession&aacute;rias para oferta de banda larga popular. &quot;Acho que foi interessante do ponto de vista da popula&ccedil;&atilde;o, porque 1 Mbps &eacute; uma velocidade boa para come&ccedil;ar com Internet. N&atilde;o &eacute; algo que permita baixar v&iacute;deos, mas n&atilde;o &eacute; nem essa a proposta&quot;. Jos&eacute; Felix disse que a operadora j&aacute; tem ofertas at&eacute; mais baratas do que a que foi acertada com as teles nos mercados em que existe isen&ccedil;&atilde;o de ICMS, e que por isso n&atilde;o v&ecirc; a necessidade de aderir ao que o governo prop&ocirc;s. &quot;Onde a Net est&aacute; j&aacute; existe concorr&ecirc;ncia e os pre&ccedil;os j&aacute; cairam&quot;, disse.<\/span><\/p>\n","protected":false},"excerpt":{"rendered":"<p>A Net Servi&ccedil;os acredita que a aprova&ccedil;&atilde;o do PLC 116\/2010 deva acontecer nos pr&oacute;ximos dias, conforme a pauta do Senado. &quot;O texto est&aacute; na pauta e espero que passe. Mas operacionalmente, ele ser aprovado n&atilde;o muda nada para a Net. A vida segue, com foco no assinante&quot;, disse Jos&eacute; Felix, presidente da operadora. A Net &hellip; <a href=\"https:\/\/obscom.intervozes.org.br\/?p=25783\" class=\"more-link\">Continue lendo <span class=\"screen-reader-text\">Net acredita que, com PLC 116 aprovado, regulamenta\u00e7\u00e3o ter\u00e1 que ser \u00fanica<\/span> <span class=\"meta-nav\">&rarr;<\/span><\/a><\/p>\n","protected":false},"author":1,"featured_media":0,"comment_status":"open","ping_status":"open","sticky":false,"template":"","format":"standard","meta":{"footnotes":""},"categories":[40],"tags":[323],"_links":{"self":[{"href":"https:\/\/obscom.intervozes.org.br\/index.php?rest_route=\/wp\/v2\/posts\/25783"}],"collection":[{"href":"https:\/\/obscom.intervozes.org.br\/index.php?rest_route=\/wp\/v2\/posts"}],"about":[{"href":"https:\/\/obscom.intervozes.org.br\/index.php?rest_route=\/wp\/v2\/types\/post"}],"author":[{"embeddable":true,"href":"https:\/\/obscom.intervozes.org.br\/index.php?rest_route=\/wp\/v2\/users\/1"}],"replies":[{"embeddable":true,"href":"https:\/\/obscom.intervozes.org.br\/index.php?rest_route=%2Fwp%2Fv2%2Fcomments&post=25783"}],"version-history":[{"count":0,"href":"https:\/\/obscom.intervozes.org.br\/index.php?rest_route=\/wp\/v2\/posts\/25783\/revisions"}],"wp:attachment":[{"href":"https:\/\/obscom.intervozes.org.br\/index.php?rest_route=%2Fwp%2Fv2%2Fmedia&parent=25783"}],"wp:term":[{"taxonomy":"category","embeddable":true,"href":"https:\/\/obscom.intervozes.org.br\/index.php?rest_route=%2Fwp%2Fv2%2Fcategories&post=25783"},{"taxonomy":"post_tag","embeddable":true,"href":"https:\/\/obscom.intervozes.org.br\/index.php?rest_route=%2Fwp%2Fv2%2Ftags&post=25783"}],"curies":[{"name":"wp","href":"https:\/\/api.w.org\/{rel}","templated":true}]}}