{"id":25782,"date":"2011-07-05T15:42:51","date_gmt":"2011-07-05T15:42:51","guid":{"rendered":"https:\/\/obscom.intervozes.org.br\/wordpress\/?p=25782"},"modified":"2011-07-05T15:42:51","modified_gmt":"2011-07-05T15:42:51","slug":"consulta-publica-sobre-radiodifusao-comunitaria-encerra-na-proxima-quarta-feira","status":"publish","type":"post","link":"https:\/\/obscom.intervozes.org.br\/?p=25782","title":{"rendered":"Consulta P\u00fablica sobre Radiodifus\u00e3o Comunit\u00e1ria encerra na pr\u00f3xima quarta-feira"},"content":{"rendered":"<p><span class=\"padrao\">O Minist&eacute;rio das Comunica&ccedil;&otilde;es (Minicom) quer estabelecer novas regras para o servi&ccedil;o de radiodifus&atilde;o comunit&aacute;ria (RadCom). O objetivo &eacute; modernizar a norma em vigor desde 2004. Para isso, est&aacute; aberta at&eacute; a pr&oacute;xima quarta-feira (06) uma consulta p&uacute;blica para que sejam encaminhadas propostas de mudan&ccedil;as quanto a outorgas, crit&eacute;rios de representatividade, prazos de processos e outras quest&otilde;es. Neste cen&aacute;rio, os movimentos de radiodifus&atilde;o comunit&aacute;ria brasileiros est&atilde;o&nbsp; preparando suas contribui&ccedil;&otilde;es.<\/span><\/p>\n<p>&nbsp;<\/p>\n<p><span class=\"padrao\">A Associa&ccedil;&atilde;o Mundial de R&aacute;dios Comunit&aacute;rias (Amarc), em sua representa&ccedil;&atilde;o nacional, est&aacute; produzindo um documento baseado <a href=\"http:\/\/www.amarcbrasil.org\/amarc-principios-14-pontos-port.pdf\" target=\"_blank\">em seus 14 princ&iacute;pios<\/a>, para apresentar na consulta. Igualmente, a Associa&ccedil;&atilde;o Brasileira de R&aacute;dios Comunit&aacute;rias (Abra&ccedil;o) est&aacute; orientando seus diret&oacute;rios estaduais para que fa&ccedil;am suas contribui&ccedil;&otilde;es e estimulem tamb&eacute;m as r&aacute;dios comunit&aacute;rias a entrarem no site e deixarem l&aacute; suas manifesta&ccedil;&otilde;es individuais.<\/span><\/p>\n<p>&nbsp;<\/p>\n<p><strong><span class=\"padrao\">Pontos principais<\/span><\/strong><\/p>\n<p>&nbsp;<\/p>\n<p><span class=\"padrao\">Para Jos&eacute; Luiz S&oacute;ter, coordenador nacional da Abra&ccedil;o, um dos pontos a ser destacado na consulta p&uacute;blica diz respeito &agrave; loca&ccedil;&atilde;o de canais. Segundo ele, o direito de as r&aacute;dios comunit&aacute;rias ocuparem a faixa que compreende as esta&ccedil;&otilde;es 88 a 108, deve ser refor&ccedil;ado junto ao MiniCom. <\/span><\/p>\n<p>&nbsp;<\/p>\n<p><span class=\"padrao\">A opini&atilde;o de S&oacute;ter se baseia no fato de a Ag&ecirc;ncia Nacional de Telecomunica&ccedil;&otilde;es (Anatel) ter baixado, no dia 10 de junho, o ato n&ordm; 4.100, que altera o Plano de Refer&ecirc;ncia para Distribui&ccedil;&atilde;o de Canais do Servi&ccedil;o de Radiodifus&atilde;o Comunit&aacute;ria. O decreto limita as r&aacute;dios a transmitirem somente nos canais abaixo da faixa de 200MHz, ou seja, nas esta&ccedil;&otilde;es inferiores &agrave; 87,9. &ldquo;Muitos locais, principalmente as regi&otilde;es de fronteira, n&atilde;o sintonizam os canais abaixo do 87,9. Temos um acordo, feito ainda no governo Lula, para transmitir entre o 88 e o 108 e isso precisa ser reiterado na consulta p&uacute;blica&rdquo;, afirmou ele.<\/span><\/p>\n<p>&nbsp;<\/p>\n<p><span class=\"padrao\">Outro tema que o coordenador da Abra&ccedil;o ressalta &eacute; a quest&atilde;o da representatividade. Conforme a legisla&ccedil;&atilde;o atual, a poss&iacute;vel vencedora de um processo de outorga &eacute; a entidade que tem maior apoio de pessoas f&iacute;sicas e jur&iacute;dicas encontradas na &aacute;rea em que se presta o servi&ccedil;o. Dentre as poss&iacute;veis mudan&ccedil;as que o MiniCom visa realizar, o crit&eacute;rio decisivo passaria a ser o n&uacute;mero de manifesta&ccedil;&otilde;es de apoio de institui&ccedil;&otilde;es comunit&aacute;rias ou associativas constitu&iacute;das h&aacute; mais de dois anos na &aacute;rea de presta&ccedil;&atilde;o do servi&ccedil;o. <\/span><\/p>\n<p>&nbsp;<\/p>\n<p><span class=\"padrao\">S&oacute;ter concorda com a proposta: &ldquo;Defendemos que os filiados tenham mais peso que as pessoas sem v&iacute;nculo direto com a entidade&rdquo;, argumentou. Ele tamb&eacute;m se manifestou contr&aacute;rio &agrave; opini&atilde;o de que os associados n&atilde;o possam fazer contribui&ccedil;&otilde;es &agrave;s r&aacute;dios. &ldquo;A interpreta&ccedil;&atilde;o &eacute; absurda, j&aacute; que esses ve&iacute;culos comunit&aacute;rios s&atilde;o mantidos pelas doa&ccedil;&otilde;es dos s&oacute;cios&rdquo;, avaliou.<\/span><\/p>\n<p>&nbsp;<\/p>\n<p><span class=\"padrao\"><strong>Burocracia<\/strong> <\/span><\/p>\n<p>&nbsp;<\/p>\n<p><span class=\"padrao\">No dia 22 de junho foi realizado um encontro sobre as poss&iacute;veis altera&ccedil;&otilde;es na legisla&ccedil;&atilde;o da RadCom, que reuniu o representante nacional da Amarc, Jo&atilde;o Malerba, e a representante mundial da Associa&ccedil;&atilde;o, Maria P&iacute;a Matta Cerna, com o secret&aacute;rio de Comunica&ccedil;&atilde;o Eletr&ocirc;nica, Genildo Lins, o coordenador-geral de Radiodifus&atilde;o Comunit&aacute;ria do MiniCom, Ot&aacute;vio Pieranti, o Diretor do Departamento de Outorgas, Demerval da Silva Junior e a diretora do Departamento de Acompanhamento e Avalia&ccedil;&atilde;o do Minist&eacute;rio, Patr&iacute;cia &Aacute;vila. <\/span><\/p>\n<p>&nbsp;<\/p>\n<p><span class=\"padrao\">Segundo Malerba, pouqu&iacute;ssima coisa mudou. &ldquo;Achamos as propostas muito t&iacute;midas. A burocracia continua grande, de maneira que as r&aacute;dios comunit&aacute;rias s&atilde;o afastadas da outorga&rdquo;, falou ele. O documento que est&aacute; sendo produzido pela Amarc Brasil para ser apresentado na consulta p&uacute;blica visa facilitar o processo de autoriza&ccedil;&atilde;o para novas emissoras comunit&aacute;rias e simplificar os tr&acirc;mites atuais, sem, contudo, deixar de vistoriar as poss&iacute;veis irregularidades.<\/span><\/p>\n<p>&nbsp;<\/p>\n<p><span class=\"padrao\">Al&eacute;m da altera&ccedil;&atilde;o de algumas regras existentes, o texto traz tamb&eacute;m a retirada de determinadas normas, bem como o acr&eacute;scimo de novas. Uma delas &eacute; a realiza&ccedil;&atilde;o de cursos e oficinas para os interessados em r&aacute;dios comunit&aacute;rias, organizados pelo Minist&eacute;rio das Comunica&ccedil;&otilde;es, em parceria com entidades da sociedade civil. A publica&ccedil;&atilde;o de livros e cartilhas sobre o tema tamb&eacute;m est&aacute; disposto no documento. <\/span><\/p>\n<p>&nbsp;<\/p>\n<p><strong><span class=\"padrao\">Panorama<\/span><\/strong><\/p>\n<p>&nbsp;<\/p>\n<p><span class=\"padrao\">Hoje existem no Brasil mais de 4300 r&aacute;dios comunit&aacute;rias autorizadas. A Abra&ccedil;o estima que, com as mudan&ccedil;as que ser&atilde;o feitas na regulamenta&ccedil;&atilde;o da RadCom, incluindo as obtidas atrav&eacute;s da consulta p&uacute;blica, sejam regularizadas mais, pelo menos, 1500 emissoras at&eacute; o ano que vem.<\/span><\/p>\n<p>&nbsp;<\/p>\n<p><span class=\"padrao\">Os interessados m participar da consulta p&uacute;blica podem enviar contribui&ccedil;&otilde;es at&eacute; quarta-feira (06), <a href=\"http:\/\/consultapublica.mc.gov.br\/consulta\/logon.asp\" target=\"_blank\">atrav&eacute;s do site<\/a>  ou por carta, pelo endere&ccedil;o: Minist&eacute;rio das Comunica&ccedil;&otilde;es\/ Secretaria de Servi&ccedil;os de Comunica&ccedil;&atilde;o Eletr&ocirc;nica, Esplanada dos Minist&eacute;rios, Bloco R, Edif&iacute;cio Anexo, 3&ordm; andar, sala 300, ala oeste &#8211; CEP 70044-900 &#8211; Bras&iacute;lia\/DF. O prazo para correspond&ecirc;ncias &eacute; maior e as sugest&otilde;es ser&atilde;o recebidas at&eacute; o dia 08 de julho (sexta-feira).<\/span><\/p>\n<p>&nbsp;<\/p>\n","protected":false},"excerpt":{"rendered":"<p>Entidades que atuam no setor ir&atilde;o apresentar propostas de revis&atilde;o da norma que est&aacute; em vigor desde 2004<\/p>\n","protected":false},"author":1,"featured_media":0,"comment_status":"open","ping_status":"open","sticky":false,"template":"","format":"standard","meta":{"footnotes":""},"categories":[40],"tags":[1528],"_links":{"self":[{"href":"https:\/\/obscom.intervozes.org.br\/index.php?rest_route=\/wp\/v2\/posts\/25782"}],"collection":[{"href":"https:\/\/obscom.intervozes.org.br\/index.php?rest_route=\/wp\/v2\/posts"}],"about":[{"href":"https:\/\/obscom.intervozes.org.br\/index.php?rest_route=\/wp\/v2\/types\/post"}],"author":[{"embeddable":true,"href":"https:\/\/obscom.intervozes.org.br\/index.php?rest_route=\/wp\/v2\/users\/1"}],"replies":[{"embeddable":true,"href":"https:\/\/obscom.intervozes.org.br\/index.php?rest_route=%2Fwp%2Fv2%2Fcomments&post=25782"}],"version-history":[{"count":0,"href":"https:\/\/obscom.intervozes.org.br\/index.php?rest_route=\/wp\/v2\/posts\/25782\/revisions"}],"wp:attachment":[{"href":"https:\/\/obscom.intervozes.org.br\/index.php?rest_route=%2Fwp%2Fv2%2Fmedia&parent=25782"}],"wp:term":[{"taxonomy":"category","embeddable":true,"href":"https:\/\/obscom.intervozes.org.br\/index.php?rest_route=%2Fwp%2Fv2%2Fcategories&post=25782"},{"taxonomy":"post_tag","embeddable":true,"href":"https:\/\/obscom.intervozes.org.br\/index.php?rest_route=%2Fwp%2Fv2%2Ftags&post=25782"}],"curies":[{"name":"wp","href":"https:\/\/api.w.org\/{rel}","templated":true}]}}