{"id":25779,"date":"2011-07-05T14:15:15","date_gmt":"2011-07-05T14:15:15","guid":{"rendered":"https:\/\/obscom.intervozes.org.br\/wordpress\/?p=25779"},"modified":"2011-07-05T14:15:15","modified_gmt":"2011-07-05T14:15:15","slug":"apos-arquivamento-de-denuncia-alana-diz-nao-reconhecer-mais-conar-como-orgao-de-etica","status":"publish","type":"post","link":"https:\/\/obscom.intervozes.org.br\/?p=25779","title":{"rendered":"Ap\u00f3s arquivamento de den\u00fancia, Alana diz n\u00e3o reconhecer mais Conar como \u00f3rg\u00e3o de \u00e9tica"},"content":{"rendered":"<p><span class=\"padrao\">Depois de o Conselho Nacional de Autorregulamenta&ccedil;&atilde;o Publicit&aacute;ria (Conar) decidir pelo arquivamento da den&uacute;ncia feita contra um comercial do Mc Donald&rsquo;s, o Instituto ALANA disse que n&atilde;o ir&aacute; mais recorrer ao &oacute;rg&atilde;o no que se refere &agrave; propaganda, por n&atilde;o o considerar mais como um meio &eacute;tico. A campanha publicit&aacute;ria era exibida antes do filme &ldquo;Rio&rdquo;, nos cinemas, e continha personagens da anima&ccedil;&atilde;o infantil contracenando com crian&ccedil;as reais.<\/p>\n<p>O arquivamento, contudo, n&atilde;o foi o respons&aacute;vel para que o Alana deixasse de reconhecer o Conar como &ldquo;conselho de &eacute;tica&rdquo;, mas sim o <a href=\"http:\/\/www.alana.org.br\/banco_arquivos\/arquivos\/docs\/acoes\/Mc%20Lanche%20Feliz%20Rio\/Documento1.pdf\" target=\"_blank\">parecer feito pelo relator &Ecirc;nio Bas&iacute;lio Rodrigues<\/a>. O Instituto ALANA entende que foi desrespeitado, com difama&ccedil;&atilde;o e inj&uacute;ria. &ldquo;Com esse parecer o Conar mostrou como age. Um conselho que se diz de &eacute;tica e n&atilde;o consegue tratar um caso com urbanidade, com equidade, n&atilde;o pode ser considerado s&eacute;rio&rdquo;, argumentou a advogada Isabella Henriques, coordenadora do projeto &ldquo;Crian&ccedil;a e Consumo&rdquo; do instituto.<\/p>\n<p><strong>Parecer<\/strong><\/p>\n<p>Em seu texto, Rodrigues compara o Instituto Alana a uma bruxa: &ldquo;a bruxa Alana, que odeia criancinhas&rdquo; e, nas pouco mais de duas p&aacute;ginas, traz argumentos como: &ldquo;Sim, come mal o americano e isso produziu muitos obesos. Entretanto, essa base alimentar tamb&eacute;m produziu os melhores violinistas, escritores, bailarinos, jogadores de basquete, cientistas e fuzileiros navais&rdquo; e, ainda: &ldquo;A sociedade escandinava fez da &eacute;tica um t&eacute;dio onde as comunidades, por n&atilde;o ter em que votar, em que escolher &ndash; pois j&aacute; t&ecirc;m tudo o que precisam &ndash; votam pela proibi&ccedil;&atilde;o da propaganda de brinquedos para crian&ccedil;as. Uma atitude bem luterana &ndash; crian&ccedil;as n&atilde;o devem ficar pedindo coisas, enchendo o saco, chama a tia Alana&rdquo;.<\/p>\n<p>O relator tamb&eacute;m faz refer&ecirc;ncia &agrave;s plataformas de governo do ex-presidente Lula e da atual presidenta Dilma: o Fome Zero e o Brasil sem Mis&eacute;ria. Ele alega que o Alana est&aacute; olhando o Brasil &ldquo;de cabe&ccedil;a para baixo&rdquo; e interpreta que &ldquo;da mesma forma que Su&eacute;cia e Dinamarca t&ecirc;m por base evitar que suas crian&ccedil;as de olhos azuis fiquem gordinhas, o Brasil tem por base acabar com a desnutri&ccedil;&atilde;o dos nossos meninos moreninhos&rdquo;.<\/p>\n<p>Quanto &agrave; a&ccedil;&atilde;o publicit&aacute;ria, al&eacute;m de questionar o que h&aacute; de errado na propaganda e em que ela infringe o c&oacute;digo de &eacute;tica do Conar, Rodrigues ainda escreveu: &ldquo;A crian&ccedil;a azucrina os pais por causa disso? Claro que sim! Crian&ccedil;as foram feitas para azucrinar e para isso existe, quando necess&aacute;rio o famoso N&Atilde;O!&rdquo;, e diz que o instituto &ldquo;n&atilde;o tem o direito estalinista de tomar para si a gest&atilde;o das crian&ccedil;as e de fomentar seus h&aacute;bitos&rdquo;.<\/p>\n<p><strong>Futuras den&uacute;ncias<\/strong><\/p>\n<p>Para as pr&oacute;ximas irregularidades ligadas &agrave; publicidade que o instituto apurar, j&aacute; que n&atilde;o reconhece mais o Conar como meio competente para julgar uma acusa&ccedil;&atilde;o, Isabella Henriques afirmou que o Alana ir&aacute; recorrer como j&aacute; vem fazendo nas demais ocorr&ecirc;ncias: &ldquo;levaremos os casos aos minist&eacute;rios p&uacute;blicos estaduais e aos &oacute;rg&atilde;os p&uacute;blicos brasileiros de administra&ccedil;&atilde;o, tanto executivos como judici&aacute;rios&rdquo;. <\/span><\/p>\n<p>&nbsp;<\/p>\n","protected":false},"excerpt":{"rendered":"<p>Depois de o Conselho Nacional de Autorregulamenta&ccedil;&atilde;o Publicit&aacute;ria (Conar) decidir pelo arquivamento da den&uacute;ncia feita contra um comercial do Mc Donald&rsquo;s, o Instituto ALANA disse que n&atilde;o ir&aacute; mais recorrer ao &oacute;rg&atilde;o no que se refere &agrave; propaganda, por n&atilde;o o considerar mais como um meio &eacute;tico. A campanha publicit&aacute;ria era exibida antes do filme &hellip; <a href=\"https:\/\/obscom.intervozes.org.br\/?p=25779\" class=\"more-link\">Continue lendo <span class=\"screen-reader-text\">Ap\u00f3s arquivamento de den\u00fancia, Alana diz n\u00e3o reconhecer mais Conar como \u00f3rg\u00e3o de \u00e9tica<\/span> <span class=\"meta-nav\">&rarr;<\/span><\/a><\/p>\n","protected":false},"author":1,"featured_media":0,"comment_status":"open","ping_status":"open","sticky":false,"template":"","format":"standard","meta":{"footnotes":""},"categories":[40],"tags":[390],"_links":{"self":[{"href":"https:\/\/obscom.intervozes.org.br\/index.php?rest_route=\/wp\/v2\/posts\/25779"}],"collection":[{"href":"https:\/\/obscom.intervozes.org.br\/index.php?rest_route=\/wp\/v2\/posts"}],"about":[{"href":"https:\/\/obscom.intervozes.org.br\/index.php?rest_route=\/wp\/v2\/types\/post"}],"author":[{"embeddable":true,"href":"https:\/\/obscom.intervozes.org.br\/index.php?rest_route=\/wp\/v2\/users\/1"}],"replies":[{"embeddable":true,"href":"https:\/\/obscom.intervozes.org.br\/index.php?rest_route=%2Fwp%2Fv2%2Fcomments&post=25779"}],"version-history":[{"count":0,"href":"https:\/\/obscom.intervozes.org.br\/index.php?rest_route=\/wp\/v2\/posts\/25779\/revisions"}],"wp:attachment":[{"href":"https:\/\/obscom.intervozes.org.br\/index.php?rest_route=%2Fwp%2Fv2%2Fmedia&parent=25779"}],"wp:term":[{"taxonomy":"category","embeddable":true,"href":"https:\/\/obscom.intervozes.org.br\/index.php?rest_route=%2Fwp%2Fv2%2Fcategories&post=25779"},{"taxonomy":"post_tag","embeddable":true,"href":"https:\/\/obscom.intervozes.org.br\/index.php?rest_route=%2Fwp%2Fv2%2Ftags&post=25779"}],"curies":[{"name":"wp","href":"https:\/\/api.w.org\/{rel}","templated":true}]}}