{"id":25778,"date":"2011-07-05T12:29:36","date_gmt":"2011-07-05T12:29:36","guid":{"rendered":"https:\/\/obscom.intervozes.org.br\/wordpress\/?p=25778"},"modified":"2011-07-05T12:29:36","modified_gmt":"2011-07-05T12:29:36","slug":"subcomissao-sobre-radio-digital-sera-instalada-hoje","status":"publish","type":"post","link":"https:\/\/obscom.intervozes.org.br\/?p=25778","title":{"rendered":"Subcomiss\u00e3o sobre r\u00e1dio digital ser\u00e1 instalada hoje"},"content":{"rendered":"<p><span class=\"padrao\">A Comiss&atilde;o de Ci&ecirc;ncia e Tecnologia, Comunica&ccedil;&atilde;o e Inform&aacute;tica instala hoje a Subcomiss&atilde;o Especial de R&aacute;dio Digital. O deputado Sandro Alex (PPS-PR), que sugeriu a cria&ccedil;&atilde;o do grupo, afirma que os parlamentares precisam acompanhar a discuss&atilde;o sobre a escolha do padr&atilde;o de r&aacute;dio digital a ser adotado no Brasil. Duas tecnologias est&atilde;o sendo avaliadas pelo Minist&eacute;rio das Comunica&ccedil;&otilde;es: a norte-americana (IBOC) e a europeia (DRM).<\/p>\n<p>&ldquo;O padr&atilde;o de r&aacute;dio europeu vem sendo desenvolvido em sistema aberto e livre, criado e desenvolvido por um cons&oacute;rcio formado por empresas e emissoras interessadas na digitaliza&ccedil;&atilde;o do r&aacute;dio. J&aacute; o padr&atilde;o americano &eacute; um sistema fechado e propriet&aacute;rio, o que traz inconveniente aos radiodifusores que teriam de desembolsar royalties pelo uso e explora&ccedil;&atilde;o do sistema&rdquo;, diz Sandro Alex.<\/p>\n<p>Segundo o deputado, a subcomiss&atilde;o vai debater as diferen&ccedil;as entre os sistemas americano e europeu, analisar os obst&aacute;culos de ordem t&eacute;cnica e conhecer as possibilidades de se criar uma tecnologia nacional com base em um desses sistemas.<\/p>\n<p>Sandro Alex lembra que, em outubro de 2010, uma delega&ccedil;&atilde;o da Coreia do Sul apresentou ao Minist&eacute;rio das Comunica&ccedil;&otilde;es projetos sobre r&aacute;dio digital que v&ecirc;m sendo desenvolvidos naquele pa&iacute;s. Na ocasi&atilde;o, o minist&eacute;rio anunciou que os dois pa&iacute;ses passariam a trocar informa&ccedil;&otilde;es sobre as pesquisas no setor.<\/p>\n<p>As diretrizes para a implanta&ccedil;&atilde;o do r&aacute;dio digital no Brasil foram definidas pelo Minist&eacute;rio das Comunica&ccedil;&otilde;es na Portaria 290, de 30 de mar&ccedil;o de 2010. Um dos requisitos &eacute; que o padr&atilde;o escolhido opere com efici&ecirc;ncia as modalidades de servi&ccedil;o em Onda M&eacute;dia (OM) e em Frequ&ecirc;ncia Modulada (FM).<\/p>\n<p><strong>Instala&ccedil;&atilde;o<\/strong><\/p>\n<p>A Subcomiss&atilde;o Especial de R&aacute;dio Digital ser&aacute; instalada &agrave;s 14h30, no Plen&aacute;rio 13. Durante a reuni&atilde;o, ser&atilde;o eleitos o presidente e os vice-presidentes do grupo.<\/span><\/p>\n<p>&nbsp;<\/p>\n","protected":false},"excerpt":{"rendered":"<p>A Comiss&atilde;o de Ci&ecirc;ncia e Tecnologia, Comunica&ccedil;&atilde;o e Inform&aacute;tica instala hoje a Subcomiss&atilde;o Especial de R&aacute;dio Digital. O deputado Sandro Alex (PPS-PR), que sugeriu a cria&ccedil;&atilde;o do grupo, afirma que os parlamentares precisam acompanhar a discuss&atilde;o sobre a escolha do padr&atilde;o de r&aacute;dio digital a ser adotado no Brasil. Duas tecnologias est&atilde;o sendo avaliadas pelo &hellip; <a href=\"https:\/\/obscom.intervozes.org.br\/?p=25778\" class=\"more-link\">Continue lendo <span class=\"screen-reader-text\">Subcomiss\u00e3o sobre r\u00e1dio digital ser\u00e1 instalada hoje<\/span> <span class=\"meta-nav\">&rarr;<\/span><\/a><\/p>\n","protected":false},"author":1,"featured_media":0,"comment_status":"open","ping_status":"open","sticky":false,"template":"","format":"standard","meta":{"footnotes":""},"categories":[40],"tags":[1444],"_links":{"self":[{"href":"https:\/\/obscom.intervozes.org.br\/index.php?rest_route=\/wp\/v2\/posts\/25778"}],"collection":[{"href":"https:\/\/obscom.intervozes.org.br\/index.php?rest_route=\/wp\/v2\/posts"}],"about":[{"href":"https:\/\/obscom.intervozes.org.br\/index.php?rest_route=\/wp\/v2\/types\/post"}],"author":[{"embeddable":true,"href":"https:\/\/obscom.intervozes.org.br\/index.php?rest_route=\/wp\/v2\/users\/1"}],"replies":[{"embeddable":true,"href":"https:\/\/obscom.intervozes.org.br\/index.php?rest_route=%2Fwp%2Fv2%2Fcomments&post=25778"}],"version-history":[{"count":0,"href":"https:\/\/obscom.intervozes.org.br\/index.php?rest_route=\/wp\/v2\/posts\/25778\/revisions"}],"wp:attachment":[{"href":"https:\/\/obscom.intervozes.org.br\/index.php?rest_route=%2Fwp%2Fv2%2Fmedia&parent=25778"}],"wp:term":[{"taxonomy":"category","embeddable":true,"href":"https:\/\/obscom.intervozes.org.br\/index.php?rest_route=%2Fwp%2Fv2%2Fcategories&post=25778"},{"taxonomy":"post_tag","embeddable":true,"href":"https:\/\/obscom.intervozes.org.br\/index.php?rest_route=%2Fwp%2Fv2%2Ftags&post=25778"}],"curies":[{"name":"wp","href":"https:\/\/api.w.org\/{rel}","templated":true}]}}