{"id":25777,"date":"2011-07-05T12:24:43","date_gmt":"2011-07-05T12:24:43","guid":{"rendered":"https:\/\/obscom.intervozes.org.br\/wordpress\/?p=25777"},"modified":"2011-07-05T12:24:43","modified_gmt":"2011-07-05T12:24:43","slug":"frente-parlamentar-debatera-autorregulacao-da-midia","status":"publish","type":"post","link":"https:\/\/obscom.intervozes.org.br\/?p=25777","title":{"rendered":"Frente parlamentar debater\u00e1 autorregula\u00e7\u00e3o da m\u00eddia"},"content":{"rendered":"<p><span class=\"padrao\">A Frente Parlamentar pela Liberdade de Express&atilde;o e o Direito &agrave; Comunica&ccedil;&atilde;o com Participa&ccedil;&atilde;o Popular promover&aacute; nesta quarta-feira (6) debate sobre &ldquo;A import&acirc;ncia da autorregula&ccedil;&atilde;o da m&iacute;dia para a defesa da liberdade de express&atilde;o&rdquo;. Esse &eacute; o <a href=\"http:\/\/unesdoc.unesco.org\/images\/0019\/001916\/191624por.pdf\" target=\"_blank\">t&iacute;tulo de artigo<\/a>  elaborado pelo consultor internacional da Organiza&ccedil;&atilde;o das Na&ccedil;&otilde;es Unidas para a Educa&ccedil;&atilde;o, a Ci&ecirc;ncia e a Cultura (Unesco) Andrew Puddephatt, que participar&aacute; do debate.<\/p>\n<p>No artigo, Andrew Puddephatt trata da autorregula&ccedil;&atilde;o profissional relacionada a c&oacute;digos de &eacute;tica dos jornalistas, a padr&otilde;es que assegurem independ&ecirc;ncia editorial e a diretrizes elaboradas por organiza&ccedil;&otilde;es de comunica&ccedil;&atilde;o sobre a cobertura de eventos.<\/p>\n<p>O artigo faz parte de uma s&eacute;rie de textos publicados pela Unesco para contribuir com o debate sobre a elabora&ccedil;&atilde;o de pol&iacute;ticas regulat&oacute;rias para o setor de m&iacute;dia.<\/p>\n<p><strong>Convidados<\/strong><\/p>\n<p>Tamb&eacute;m foram convidados para o debate o representante da Unesco Brasil Guilherme Canela e o professor aposentado da Universidade de Bras&iacute;lia (Unb) Ven&iacute;cio Lima.<\/p>\n<p>O deputado Emiliano Jos&eacute; (PT-BA), que &eacute; um dos coordenadores da frente, vai compor a mesa de debates. A coordenadora-geral da frente parlamentar &eacute; a deputada Luiza Erundina (PSB-SP).<\/p>\n<p>O debate est&aacute; marcado para as 9h30, no audit&oacute;rio da TV C&acirc;mara.<\/span><\/p>\n<p>&nbsp;<\/p>\n","protected":false},"excerpt":{"rendered":"<p>A Frente Parlamentar pela Liberdade de Express&atilde;o e o Direito &agrave; Comunica&ccedil;&atilde;o com Participa&ccedil;&atilde;o Popular promover&aacute; nesta quarta-feira (6) debate sobre &ldquo;A import&acirc;ncia da autorregula&ccedil;&atilde;o da m&iacute;dia para a defesa da liberdade de express&atilde;o&rdquo;. Esse &eacute; o t&iacute;tulo de artigo elaborado pelo consultor internacional da Organiza&ccedil;&atilde;o das Na&ccedil;&otilde;es Unidas para a Educa&ccedil;&atilde;o, a Ci&ecirc;ncia e &hellip; <a href=\"https:\/\/obscom.intervozes.org.br\/?p=25777\" class=\"more-link\">Continue lendo <span class=\"screen-reader-text\">Frente parlamentar debater\u00e1 autorregula\u00e7\u00e3o da m\u00eddia<\/span> <span class=\"meta-nav\">&rarr;<\/span><\/a><\/p>\n","protected":false},"author":1,"featured_media":0,"comment_status":"open","ping_status":"open","sticky":false,"template":"","format":"standard","meta":{"footnotes":""},"categories":[40],"tags":[1444],"_links":{"self":[{"href":"https:\/\/obscom.intervozes.org.br\/index.php?rest_route=\/wp\/v2\/posts\/25777"}],"collection":[{"href":"https:\/\/obscom.intervozes.org.br\/index.php?rest_route=\/wp\/v2\/posts"}],"about":[{"href":"https:\/\/obscom.intervozes.org.br\/index.php?rest_route=\/wp\/v2\/types\/post"}],"author":[{"embeddable":true,"href":"https:\/\/obscom.intervozes.org.br\/index.php?rest_route=\/wp\/v2\/users\/1"}],"replies":[{"embeddable":true,"href":"https:\/\/obscom.intervozes.org.br\/index.php?rest_route=%2Fwp%2Fv2%2Fcomments&post=25777"}],"version-history":[{"count":0,"href":"https:\/\/obscom.intervozes.org.br\/index.php?rest_route=\/wp\/v2\/posts\/25777\/revisions"}],"wp:attachment":[{"href":"https:\/\/obscom.intervozes.org.br\/index.php?rest_route=%2Fwp%2Fv2%2Fmedia&parent=25777"}],"wp:term":[{"taxonomy":"category","embeddable":true,"href":"https:\/\/obscom.intervozes.org.br\/index.php?rest_route=%2Fwp%2Fv2%2Fcategories&post=25777"},{"taxonomy":"post_tag","embeddable":true,"href":"https:\/\/obscom.intervozes.org.br\/index.php?rest_route=%2Fwp%2Fv2%2Ftags&post=25777"}],"curies":[{"name":"wp","href":"https:\/\/api.w.org\/{rel}","templated":true}]}}