{"id":25775,"date":"2011-07-05T12:13:57","date_gmt":"2011-07-05T12:13:57","guid":{"rendered":"https:\/\/obscom.intervozes.org.br\/wordpress\/?p=25775"},"modified":"2011-07-05T12:13:57","modified_gmt":"2011-07-05T12:13:57","slug":"portugal-ganha-portal-da-transparencia-dos-meios-de-comunicacao","status":"publish","type":"post","link":"https:\/\/obscom.intervozes.org.br\/?p=25775","title":{"rendered":"Portugal ganha Portal da Transpar\u00eancia dos meios de comunica\u00e7\u00e3o"},"content":{"rendered":"<p><span class=\"padrao\"><strong>Reda&ccedil;&atilde;o &#8211; &Iacute;ndice de Transpar&ecirc;ncia<\/strong><\/p>\n<p>A Entidade Reguladora para a Comunica&ccedil;&atilde;o Social (ERC) de Portugal lan&ccedil;ou, neste m&ecirc;s, o Portal da Transpar&ecirc;ncia da Propriedade dos Meios de Comunica&ccedil;&atilde;o Social. Por meio do site, &eacute; poss&iacute;vel conhecer quem s&atilde;o os propriet&aacute;rios dos meios de comunica&ccedil;&atilde;o do pa&iacute;s, bem como detalhes das empresas, como patrim&ocirc;nio, s&oacute;cios e ramo de atividade econ&ocirc;mica.<\/span><\/p>\n<p>&nbsp;<\/p>\n<p><span class=\"padrao\">Os dados dispon&iacute;veis no portal ainda n&atilde;o incluem todos os operadores. Isso porque, segundo a entidade, os grupos e &oacute;rg&atilde;os de comunica&ccedil;&atilde;o social apresentados foram selecionados em raz&atilde;o da sua dimens&atilde;o ou relev&acirc;ncia, a n&iacute;vel nacional ou regional. Posteriormente, a ERC afirma que disponibilizar&aacute; informa&ccedil;&otilde;es sobre todos os &oacute;rg&atilde;os de comunica&ccedil;&atilde;o social registrados na entidade.<\/span><\/p>\n<p>&nbsp;<\/p>\n<p><span class=\"padrao\">A ERC, criada pela Lei 53\/2005, de 8 de novembro, tem o objetivo de supervisar e regular ve&iacute;culos de comunica&ccedil;&atilde;o social como r&aacute;dio, TV, jornais e ag&ecirc;ncias de Portugal. Conforme a legisla&ccedil;&atilde;o, a ERC &eacute; independente no exerc&iacute;cio das suas fun&ccedil;&otilde;es, definindo livremente a orienta&ccedil;&atilde;o das suas atividades, sem interfer&ecirc;ncia do poder pol&iacute;tico.<\/span><\/p>\n<p>&nbsp;<\/p>\n<p><span class=\"padrao\"><a href=\"http:\/\/www.erc.pt\/transparencia\/pt\/transparencia#grupos\">Acesse aqui<\/a>  o Portal da Transpar&ecirc;ncia.<\/span><\/p>\n","protected":false},"excerpt":{"rendered":"<p>Reda&ccedil;&atilde;o &#8211; &Iacute;ndice de Transpar&ecirc;ncia A Entidade Reguladora para a Comunica&ccedil;&atilde;o Social (ERC) de Portugal lan&ccedil;ou, neste m&ecirc;s, o Portal da Transpar&ecirc;ncia da Propriedade dos Meios de Comunica&ccedil;&atilde;o Social. Por meio do site, &eacute; poss&iacute;vel conhecer quem s&atilde;o os propriet&aacute;rios dos meios de comunica&ccedil;&atilde;o do pa&iacute;s, bem como detalhes das empresas, como patrim&ocirc;nio, s&oacute;cios e &hellip; <a href=\"https:\/\/obscom.intervozes.org.br\/?p=25775\" class=\"more-link\">Continue lendo <span class=\"screen-reader-text\">Portugal ganha Portal da Transpar\u00eancia dos meios de comunica\u00e7\u00e3o<\/span> <span class=\"meta-nav\">&rarr;<\/span><\/a><\/p>\n","protected":false},"author":1,"featured_media":0,"comment_status":"open","ping_status":"open","sticky":false,"template":"","format":"standard","meta":{"footnotes":""},"categories":[39],"tags":[],"_links":{"self":[{"href":"https:\/\/obscom.intervozes.org.br\/index.php?rest_route=\/wp\/v2\/posts\/25775"}],"collection":[{"href":"https:\/\/obscom.intervozes.org.br\/index.php?rest_route=\/wp\/v2\/posts"}],"about":[{"href":"https:\/\/obscom.intervozes.org.br\/index.php?rest_route=\/wp\/v2\/types\/post"}],"author":[{"embeddable":true,"href":"https:\/\/obscom.intervozes.org.br\/index.php?rest_route=\/wp\/v2\/users\/1"}],"replies":[{"embeddable":true,"href":"https:\/\/obscom.intervozes.org.br\/index.php?rest_route=%2Fwp%2Fv2%2Fcomments&post=25775"}],"version-history":[{"count":0,"href":"https:\/\/obscom.intervozes.org.br\/index.php?rest_route=\/wp\/v2\/posts\/25775\/revisions"}],"wp:attachment":[{"href":"https:\/\/obscom.intervozes.org.br\/index.php?rest_route=%2Fwp%2Fv2%2Fmedia&parent=25775"}],"wp:term":[{"taxonomy":"category","embeddable":true,"href":"https:\/\/obscom.intervozes.org.br\/index.php?rest_route=%2Fwp%2Fv2%2Fcategories&post=25775"},{"taxonomy":"post_tag","embeddable":true,"href":"https:\/\/obscom.intervozes.org.br\/index.php?rest_route=%2Fwp%2Fv2%2Ftags&post=25775"}],"curies":[{"name":"wp","href":"https:\/\/api.w.org\/{rel}","templated":true}]}}