{"id":25771,"date":"2011-07-05T11:56:31","date_gmt":"2011-07-05T11:56:31","guid":{"rendered":"https:\/\/obscom.intervozes.org.br\/wordpress\/?p=25771"},"modified":"2011-07-05T11:56:31","modified_gmt":"2011-07-05T11:56:31","slug":"anatel-cria-area-para-divulgacao-de-dados-de-mercado-em-seu-site","status":"publish","type":"post","link":"https:\/\/obscom.intervozes.org.br\/?p=25771","title":{"rendered":"Anatel cria \u00e1rea para divulga\u00e7\u00e3o de dados de mercado em seu site"},"content":{"rendered":"<p><span class=\"padrao\"><strong>Reda&ccedil;&atilde;o &#8211; TeleTime News<\/strong><\/p>\n<p>A Anatel resolveu organizar algumas das muitas informa&ccedil;&otilde;es produzidas por suas diferentes &aacute;reas sobre os servi&ccedil;os de telecomunica&ccedil;&otilde;es e agrup&aacute;-las em uma &uacute;nica sess&atilde;o do site da ag&ecirc;ncia chamada de &ldquo;Anatel Dados&rdquo;. &Eacute; uma tentativa da ag&ecirc;ncia de centralizar informa&ccedil;&otilde;es dispersas que muitas vezes n&atilde;o se tornavam p&uacute;blicas por uma simples quest&atilde;o de falta de organiza&ccedil;&atilde;o.<\/p>\n<p>Entre os dados que podem ser consultados est&atilde;o aqueles referentes ao total de acessos nos diferentes servi&ccedil;os (telefonia m&oacute;vel, TV por assinatura, telefonia fixa e servi&ccedil;o multim&iacute;dia).<\/p>\n<p>H&aacute; ainda algumas informa&ccedil;&otilde;es in&eacute;ditas, ainda que desatualizadas (os dados ainda s&atilde;o de dezembro), como o total de acessos fixos das empresas exploradoras do STFC nas diferentes &aacute;reas de numera&ccedil;&atilde;o, incluindo autorizadas e concession&aacute;rias.<\/p>\n<p>A participa&ccedil;&atilde;o de mercado de banda larga por grupo econ&ocirc;mico, esta sim com dados mais atuais, de mar&ccedil;o deste ano, que detalha, por exemplo, como est&aacute; a competi&ccedil;&atilde;o do servi&ccedil;o banda larga em cada estado, os investimentos em banda larga por cada grupo (sem especificar o per&iacute;odo), al&eacute;m dos dados j&aacute; consolidados.<\/span><\/p>\n","protected":false},"excerpt":{"rendered":"<p>Reda&ccedil;&atilde;o &#8211; TeleTime News A Anatel resolveu organizar algumas das muitas informa&ccedil;&otilde;es produzidas por suas diferentes &aacute;reas sobre os servi&ccedil;os de telecomunica&ccedil;&otilde;es e agrup&aacute;-las em uma &uacute;nica sess&atilde;o do site da ag&ecirc;ncia chamada de &ldquo;Anatel Dados&rdquo;. &Eacute; uma tentativa da ag&ecirc;ncia de centralizar informa&ccedil;&otilde;es dispersas que muitas vezes n&atilde;o se tornavam p&uacute;blicas por uma simples &hellip; <a href=\"https:\/\/obscom.intervozes.org.br\/?p=25771\" class=\"more-link\">Continue lendo <span class=\"screen-reader-text\">Anatel cria \u00e1rea para divulga\u00e7\u00e3o de dados de mercado em seu site<\/span> <span class=\"meta-nav\">&rarr;<\/span><\/a><\/p>\n","protected":false},"author":1,"featured_media":0,"comment_status":"open","ping_status":"open","sticky":false,"template":"","format":"standard","meta":{"footnotes":""},"categories":[39],"tags":[],"_links":{"self":[{"href":"https:\/\/obscom.intervozes.org.br\/index.php?rest_route=\/wp\/v2\/posts\/25771"}],"collection":[{"href":"https:\/\/obscom.intervozes.org.br\/index.php?rest_route=\/wp\/v2\/posts"}],"about":[{"href":"https:\/\/obscom.intervozes.org.br\/index.php?rest_route=\/wp\/v2\/types\/post"}],"author":[{"embeddable":true,"href":"https:\/\/obscom.intervozes.org.br\/index.php?rest_route=\/wp\/v2\/users\/1"}],"replies":[{"embeddable":true,"href":"https:\/\/obscom.intervozes.org.br\/index.php?rest_route=%2Fwp%2Fv2%2Fcomments&post=25771"}],"version-history":[{"count":0,"href":"https:\/\/obscom.intervozes.org.br\/index.php?rest_route=\/wp\/v2\/posts\/25771\/revisions"}],"wp:attachment":[{"href":"https:\/\/obscom.intervozes.org.br\/index.php?rest_route=%2Fwp%2Fv2%2Fmedia&parent=25771"}],"wp:term":[{"taxonomy":"category","embeddable":true,"href":"https:\/\/obscom.intervozes.org.br\/index.php?rest_route=%2Fwp%2Fv2%2Fcategories&post=25771"},{"taxonomy":"post_tag","embeddable":true,"href":"https:\/\/obscom.intervozes.org.br\/index.php?rest_route=%2Fwp%2Fv2%2Ftags&post=25771"}],"curies":[{"name":"wp","href":"https:\/\/api.w.org\/{rel}","templated":true}]}}