{"id":25770,"date":"2011-07-04T00:00:00","date_gmt":"2011-07-04T00:00:00","guid":{"rendered":"https:\/\/obscom.intervozes.org.br\/wordpress\/?p=25770"},"modified":"2011-07-04T00:00:00","modified_gmt":"2011-07-04T00:00:00","slug":"ministerio-da-justica-recomenda-condenacao-do-ecad-por-conduta-lesiva-a-concorrencia-2","status":"publish","type":"post","link":"https:\/\/obscom.intervozes.org.br\/?p=25770","title":{"rendered":"Minist\u00e9rio da Justi\u00e7a recomenda condena\u00e7\u00e3o do Ecad por conduta lesiva \u00e0 concorr\u00eancia"},"content":{"rendered":"<p><span class=\"padrao\"><strong>Reda&ccedil;&atilde;o &#8211; Tele S&iacute;ntese<\/strong><\/p>\n<p>A Secretaria de Direito Econ&ocirc;mico (SDE) do Minist&eacute;rio da Justi&ccedil;a recomendou, hoje (1&ordm;), a condena&ccedil;&atilde;o do Escrit&oacute;rio Central de Arrecada&ccedil;&atilde;o e Distribui&ccedil;&atilde;o (Ecad) e das seis associa&ccedil;&otilde;es representativas dos titulares de direitos autorais que o comp&otilde;em por conduta lesiva &agrave; concorr&ecirc;ncia. Segundo o &oacute;rg&atilde;o, isso acontece porque as associa&ccedil;&otilde;es fixam valores unificados a serem cobrados por direitos autorais relacionados &agrave; execu&ccedil;&atilde;o p&uacute;blica das obras musicais, l&iacute;tero-musicais e fonogramas.<\/p>\n<p>A Secretaria tamb&eacute;m aponta, como pr&aacute;tica lesiva, a imposi&ccedil;&atilde;o de crit&eacute;rios abusivos e indiscriminados para o ingresso de novas associa&ccedil;&otilde;es no sistema de gest&atilde;o coletiva institu&iacute;do pela Lei n&ordm; 9.610\/98.<\/p>\n<p>De acordo com o parecer publicado na edi&ccedil;&atilde;o do Di&aacute;rio Oficial da Uni&atilde;o (D.O.U) da &uacute;ltima quinta-feira (30\/06), a Lei de Direitos Autorais garantiu ao Ecad o mon&oacute;polio legal para ser agente arrecadador e distribuidor de direitos autorais no pa&iacute;s. No entanto, n&atilde;o lhe confere a compet&ecirc;ncia para fixar o valor a ser cobrado pelos direitos autorais em conjunto com as Associa&ccedil;&otilde;es, por se tratar de vari&aacute;vel comercialmente sens&iacute;vel e fator de diferencia&ccedil;&atilde;o entre as entidades representativas.<\/span><\/p>\n","protected":false},"excerpt":{"rendered":"<p>Reda&ccedil;&atilde;o &#8211; Tele S&iacute;ntese A Secretaria de Direito Econ&ocirc;mico (SDE) do Minist&eacute;rio da Justi&ccedil;a recomendou, hoje (1&ordm;), a condena&ccedil;&atilde;o do Escrit&oacute;rio Central de Arrecada&ccedil;&atilde;o e Distribui&ccedil;&atilde;o (Ecad) e das seis associa&ccedil;&otilde;es representativas dos titulares de direitos autorais que o comp&otilde;em por conduta lesiva &agrave; concorr&ecirc;ncia. Segundo o &oacute;rg&atilde;o, isso acontece porque as associa&ccedil;&otilde;es fixam valores &hellip; <a href=\"https:\/\/obscom.intervozes.org.br\/?p=25770\" class=\"more-link\">Continue lendo <span class=\"screen-reader-text\">Minist\u00e9rio da Justi\u00e7a recomenda condena\u00e7\u00e3o do Ecad por conduta lesiva \u00e0 concorr\u00eancia<\/span> <span class=\"meta-nav\">&rarr;<\/span><\/a><\/p>\n","protected":false},"author":1,"featured_media":0,"comment_status":"open","ping_status":"open","sticky":false,"template":"","format":"standard","meta":{"footnotes":""},"categories":[39],"tags":[],"_links":{"self":[{"href":"https:\/\/obscom.intervozes.org.br\/index.php?rest_route=\/wp\/v2\/posts\/25770"}],"collection":[{"href":"https:\/\/obscom.intervozes.org.br\/index.php?rest_route=\/wp\/v2\/posts"}],"about":[{"href":"https:\/\/obscom.intervozes.org.br\/index.php?rest_route=\/wp\/v2\/types\/post"}],"author":[{"embeddable":true,"href":"https:\/\/obscom.intervozes.org.br\/index.php?rest_route=\/wp\/v2\/users\/1"}],"replies":[{"embeddable":true,"href":"https:\/\/obscom.intervozes.org.br\/index.php?rest_route=%2Fwp%2Fv2%2Fcomments&post=25770"}],"version-history":[{"count":0,"href":"https:\/\/obscom.intervozes.org.br\/index.php?rest_route=\/wp\/v2\/posts\/25770\/revisions"}],"wp:attachment":[{"href":"https:\/\/obscom.intervozes.org.br\/index.php?rest_route=%2Fwp%2Fv2%2Fmedia&parent=25770"}],"wp:term":[{"taxonomy":"category","embeddable":true,"href":"https:\/\/obscom.intervozes.org.br\/index.php?rest_route=%2Fwp%2Fv2%2Fcategories&post=25770"},{"taxonomy":"post_tag","embeddable":true,"href":"https:\/\/obscom.intervozes.org.br\/index.php?rest_route=%2Fwp%2Fv2%2Ftags&post=25770"}],"curies":[{"name":"wp","href":"https:\/\/api.w.org\/{rel}","templated":true}]}}