{"id":25765,"date":"2011-07-01T17:51:54","date_gmt":"2011-07-01T17:51:54","guid":{"rendered":"https:\/\/obscom.intervozes.org.br\/wordpress\/?p=25765"},"modified":"2011-07-01T17:51:54","modified_gmt":"2011-07-01T17:51:54","slug":"unesco-defende-criacao-de-orgao-regulador-da-midia","status":"publish","type":"post","link":"https:\/\/obscom.intervozes.org.br\/?p=25765","title":{"rendered":"Unesco defende cria\u00e7\u00e3o de \u00f3rg\u00e3o regulador da m\u00eddia"},"content":{"rendered":"<p><span class=\"padrao\"><strong>L&uacute;cia Berbert &#8211; Tele S&iacute;ntese<\/strong><\/p>\n<p>O representante-adjunto da Unesco no Brasil, Lucien Mu&ntilde;oz, defendeu nesta quinta-feira (30) a cria&ccedil;&atilde;o de um &oacute;rg&atilde;o regulador independente da m&iacute;dia e de um marco regulat&oacute;rio atualizado do setor para assegurarem a contribui&ccedil;&atilde;o dos ve&iacute;culos de comunica&ccedil;&atilde;o no aperfei&ccedil;oamento da democracia. Ele disse que esse organismo &eacute; essencial, sobretudo, para garantir a independ&ecirc;ncia e a transpar&ecirc;ncia das m&iacute;dias p&uacute;blicas.<\/p>\n<p>A expectativa de Mu&ntilde;oz &eacute; de que esses pontos estejam contemplados na proposta de revis&atilde;o das legisla&ccedil;&otilde;es da m&iacute;dia eletr&ocirc;nica, em elabora&ccedil;&atilde;o no Minist&eacute;rio das Comunica&ccedil;&otilde;es. &ldquo;Para n&oacute;s, &eacute; importante deixar claro nessa legisla&ccedil;&atilde;o o papel de complementaridade dos sistemas p&uacute;blicos e privados de comunica&ccedil;&atilde;o, como j&aacute; prev&ecirc; a constitui&ccedil;&atilde;o brasileira&rdquo;, disse.<\/p>\n<p>Mu&ntilde;oz participou nesta quinta-feira da abertura do Semin&aacute;rio Internacional de M&iacute;dias P&uacute;blicas: Desafios e Oportunidades para o S&eacute;culo XXI, promovido pela Empresa Brasil de Comunica&ccedil;&otilde;es (EBC) e a Unesco. O evento seguir&aacute; at&eacute; amanh&atilde; com debates sobre as experi&ecirc;ncias de comunica&ccedil;&atilde;o j&aacute; implantadas e o futuro destas m&iacute;dias no s&eacute;culo que se inicia, marcado por grandes transforma&ccedil;&otilde;es tecnol&oacute;gicas que t&ecirc;m impacto nas comunica&ccedil;&otilde;es em geral.<\/span><\/p>\n","protected":false},"excerpt":{"rendered":"<p>L&uacute;cia Berbert &#8211; Tele S&iacute;ntese O representante-adjunto da Unesco no Brasil, Lucien Mu&ntilde;oz, defendeu nesta quinta-feira (30) a cria&ccedil;&atilde;o de um &oacute;rg&atilde;o regulador independente da m&iacute;dia e de um marco regulat&oacute;rio atualizado do setor para assegurarem a contribui&ccedil;&atilde;o dos ve&iacute;culos de comunica&ccedil;&atilde;o no aperfei&ccedil;oamento da democracia. Ele disse que esse organismo &eacute; essencial, sobretudo, para &hellip; <a href=\"https:\/\/obscom.intervozes.org.br\/?p=25765\" class=\"more-link\">Continue lendo <span class=\"screen-reader-text\">Unesco defende cria\u00e7\u00e3o de \u00f3rg\u00e3o regulador da m\u00eddia<\/span> <span class=\"meta-nav\">&rarr;<\/span><\/a><\/p>\n","protected":false},"author":1,"featured_media":0,"comment_status":"open","ping_status":"open","sticky":false,"template":"","format":"standard","meta":{"footnotes":""},"categories":[39],"tags":[],"_links":{"self":[{"href":"https:\/\/obscom.intervozes.org.br\/index.php?rest_route=\/wp\/v2\/posts\/25765"}],"collection":[{"href":"https:\/\/obscom.intervozes.org.br\/index.php?rest_route=\/wp\/v2\/posts"}],"about":[{"href":"https:\/\/obscom.intervozes.org.br\/index.php?rest_route=\/wp\/v2\/types\/post"}],"author":[{"embeddable":true,"href":"https:\/\/obscom.intervozes.org.br\/index.php?rest_route=\/wp\/v2\/users\/1"}],"replies":[{"embeddable":true,"href":"https:\/\/obscom.intervozes.org.br\/index.php?rest_route=%2Fwp%2Fv2%2Fcomments&post=25765"}],"version-history":[{"count":0,"href":"https:\/\/obscom.intervozes.org.br\/index.php?rest_route=\/wp\/v2\/posts\/25765\/revisions"}],"wp:attachment":[{"href":"https:\/\/obscom.intervozes.org.br\/index.php?rest_route=%2Fwp%2Fv2%2Fmedia&parent=25765"}],"wp:term":[{"taxonomy":"category","embeddable":true,"href":"https:\/\/obscom.intervozes.org.br\/index.php?rest_route=%2Fwp%2Fv2%2Fcategories&post=25765"},{"taxonomy":"post_tag","embeddable":true,"href":"https:\/\/obscom.intervozes.org.br\/index.php?rest_route=%2Fwp%2Fv2%2Ftags&post=25765"}],"curies":[{"name":"wp","href":"https:\/\/api.w.org\/{rel}","templated":true}]}}