{"id":25764,"date":"2011-07-01T16:45:46","date_gmt":"2011-07-01T16:45:46","guid":{"rendered":"https:\/\/obscom.intervozes.org.br\/wordpress\/?p=25764"},"modified":"2011-07-01T16:45:46","modified_gmt":"2011-07-01T16:45:46","slug":"infraestrutura-compartilhada-para-transmissao-digital-nao-e-prioridade","status":"publish","type":"post","link":"https:\/\/obscom.intervozes.org.br\/?p=25764","title":{"rendered":"Infraestrutura compartilhada para transmiss\u00e3o digital n\u00e3o \u00e9 prioridade"},"content":{"rendered":"<p><span class=\"padrao\">O projeto de um operador &uacute;nico de rede&nbsp; da TV P&uacute;blica Digital ainda n&atilde;o &eacute; prioridade para o Governo. A discuss&atilde;o da cria&ccedil;&atilde;o de uma infraestrutura compartilhada para a transmiss&atilde;o do sinal de digital dos canais p&uacute;blicos (EBC, canais legislativos, executivos, educativos e comunit&aacute;rios) ainda &eacute; recente. Sem &oacute;rg&atilde;o do Executivo para assumir as a&ccedil;&otilde;es do projeto, ele corre o risco de n&atilde;o ter or&ccedil;amento para sair do papel. Enquanto isso, a TV Senado anunciou que vai come&ccedil;ar parceria com TVs legislativas para criar uma rede pr&oacute;pria de TV digital.<\/p>\n<p>A implanta&ccedil;&atilde;o da TV Digital, no Brasil, pelo decreto n&deg; 5820 de 2006, estabelece par&acirc;metros para consolidar um sistema p&uacute;blico de radiodifus&atilde;o com a cria&ccedil;&atilde;o dos canais do Poder Executivo, de Educa&ccedil;&atilde;o, de Cultura e de Cidadania. Em 2009, a portaria n&deg; 24 do Minist&eacute;rio das Comunica&ccedil;&otilde;es (Minicom) reserva 8 canais UHF para o sistema p&uacute;blico. Dentro desse contexto, a Secret&aacute;ria de Comunica&ccedil;&atilde;o da Presid&ecirc;ncia da Rep&uacute;blica (Secom), durante o governo do presidente Luiz In&aacute;cio Lula da Silva, elaborou o projeto de um &uacute;nico operador de rede para esse sistema, respons&aacute;vel t&eacute;cnico e economicamente por distribuir o conte&uacute;do tanto do ponto de vista t&eacute;cnico quanto econ&ocirc;mico. Esse operador ofereceria a infraestrutura para se criar futuramente uma Rede Nacional de Comunica&ccedil;&atilde;o P&uacute;blica que reuniria TVs p&uacute;blicas e estatais.<\/p>\n<p>Durante este processo, a Empresa Brasil de Comunica&ccedil;&atilde;o (EBC) ficou encarregada de coordenar o projeto e para tanto realizou estudos sondando a viabilidade de uma parceria p&uacute;blico-privada para criar o operador de rede &uacute;nico. A presidenta da EBC, Tereza Cruvinel, durante audi&ecirc;ncia na C&acirc;mara Federal afirmou que a empresa n&atilde;o tem condi&ccedil;&otilde;es or&ccedil;ament&aacute;rias para encabe&ccedil;ar o projeto e cobrou maior protagonismo do governo. &ldquo;N&oacute;s avan&ccedil;amos muito na base do voluntarismo, mas as defini&ccedil;&otilde;es legais e institucionais continuam faltando&rdquo;, criticou Tereza.<\/p>\n<p>A Secom foi o &oacute;rg&atilde;o que at&eacute; o governo passado era a respons&aacute;vel pela pauta. Segundo o assessor da Secom, Jorge Ant&ocirc;nio Duarte, agora cabe ao Minist&eacute;rio das Comunica&ccedil;&otilde;es resolver o assunto. &ldquo;N&oacute;s s&oacute; conduzimos o debate do operador de rede durante a troca de ministro na transi&ccedil;&atilde;o do governo Lula para o da Dilma&rdquo;, explica Jorge Duarte. A assessoria do Minicom declarou que a discuss&atilde;o sobre o tema ainda &eacute; incipiente e o minist&eacute;rio prefere n&atilde;o se manifestar. O assessor especial da Casa Civil Andr&eacute; Barbosa afirma que a presid&ecirc;ncia n&atilde;o &eacute; o protagonista e que a Secom ou o Minicom devem assumir a quest&atilde;o.<\/p>\n<p>Enquanto o governo n&atilde;o se organiza, o projeto de operador de rede pode ficar sem financiamento. O Plano Plurianual (PPA) que define as a&ccedil;&otilde;es do Estado entre 2012 e 2015 deve ser entregue no dia 31 de agosto e se at&eacute; essa data o projetor n&atilde;o for inclu&iacute;do no plano, n&atilde;o poder&aacute; entrar no or&ccedil;amento federal. Outra quest&atilde;o que ressalta a urg&ecirc;ncia da discuss&atilde;o &eacute; o prazo de desligamento do sinal anal&oacute;gico. Segundo o planejamento do governo, em 2016, ser&aacute; terminada a transi&ccedil;&atilde;o para o sinal digital e toda a transmiss&atilde;o de TV ser&aacute; digital.<\/p>\n<p>A falta de protagonismo do governo n&atilde;o &eacute; o &uacute;nico entrave para a implementa&ccedil;&atilde;o do operador &uacute;nico. Uma primeira quest&atilde;o &eacute; como se dar&aacute; o financiamento do projeto. Inicialmente, a EBC fez estudos de uma poss&iacute;vel parceria p&uacute;blico privada. Segundo a empresa, o projeto teria um custo de R$ 2,98 bilh&otilde;es em 20 anos. No come&ccedil;o de 2010, houve audi&ecirc;ncias para discutir o edital dessa parceria. Com a cria&ccedil;&atilde;o da Telebr&aacute;s no mesmo ano, a discuss&atilde;o foi substitu&iacute;da pela disputa entre as parcerias p&uacute;blico-privada e a p&uacute;blica. A proposta da Telebr&aacute;s &eacute; de aproveitar a estrutura de fibra &oacute;ptica que ser&aacute; criada dentro do Plano Nacional de Banda Larga para transmitir o sinal digital, reduzindo o custo do operador de rede.<\/p>\n<p>As dificuldades da estrutura&ccedil;&atilde;o do operador de rede levaram a uma iniciativa individual da TV Senado. Segundo Fernando C&eacute;sar, diretor da Secret&aacute;ria Especial de Comunica&ccedil;&atilde;o do Senado (Secs), como o projeto n&atilde;o avan&ccedil;ou para a implementa&ccedil;&atilde;o, a TV Senado decidiu usar os recursos da emissora e a parceria com outras TVs legislativas para criar uma rede digital pr&oacute;pria. &ldquo;N&oacute;s planejamos at&eacute; 2012 alcan&ccedil;a todas as capitais, para esse ano j&aacute; temos dinheiro para a montagem de tr&ecirc;s ou quatro TVs nos estados&rdquo;, afirma Fernando. A capilaridade do projeto da TV Senado &eacute; bem menor que o do operador &uacute;nico. A EBC fez um planejamento para garantir o sinal digital de TV p&uacute;blica em 68% dos munic&iacute;pios brasileiros e n&atilde;o apenas as capitais como a TV Senado.<\/span><\/p>\n","protected":false},"excerpt":{"rendered":"<p>Enquanto o Executivo se esquiva de assumir o projeto de operador de rede  de TV P&uacute;blica Digital, o&nbsp; Senado come&ccedil;a a montar uma rede pr&oacute;pria <\/p>\n","protected":false},"author":1,"featured_media":0,"comment_status":"open","ping_status":"open","sticky":false,"template":"","format":"standard","meta":{"footnotes":""},"categories":[40],"tags":[1200],"_links":{"self":[{"href":"https:\/\/obscom.intervozes.org.br\/index.php?rest_route=\/wp\/v2\/posts\/25764"}],"collection":[{"href":"https:\/\/obscom.intervozes.org.br\/index.php?rest_route=\/wp\/v2\/posts"}],"about":[{"href":"https:\/\/obscom.intervozes.org.br\/index.php?rest_route=\/wp\/v2\/types\/post"}],"author":[{"embeddable":true,"href":"https:\/\/obscom.intervozes.org.br\/index.php?rest_route=\/wp\/v2\/users\/1"}],"replies":[{"embeddable":true,"href":"https:\/\/obscom.intervozes.org.br\/index.php?rest_route=%2Fwp%2Fv2%2Fcomments&post=25764"}],"version-history":[{"count":0,"href":"https:\/\/obscom.intervozes.org.br\/index.php?rest_route=\/wp\/v2\/posts\/25764\/revisions"}],"wp:attachment":[{"href":"https:\/\/obscom.intervozes.org.br\/index.php?rest_route=%2Fwp%2Fv2%2Fmedia&parent=25764"}],"wp:term":[{"taxonomy":"category","embeddable":true,"href":"https:\/\/obscom.intervozes.org.br\/index.php?rest_route=%2Fwp%2Fv2%2Fcategories&post=25764"},{"taxonomy":"post_tag","embeddable":true,"href":"https:\/\/obscom.intervozes.org.br\/index.php?rest_route=%2Fwp%2Fv2%2Ftags&post=25764"}],"curies":[{"name":"wp","href":"https:\/\/api.w.org\/{rel}","templated":true}]}}