{"id":25763,"date":"2011-07-01T16:35:00","date_gmt":"2011-07-01T16:35:00","guid":{"rendered":"https:\/\/obscom.intervozes.org.br\/wordpress\/?p=25763"},"modified":"2011-07-01T16:35:00","modified_gmt":"2011-07-01T16:35:00","slug":"ministerio-articula-criacao-de-uma-empresa-conjunta-entre-telebras-e-eletrobras","status":"publish","type":"post","link":"https:\/\/obscom.intervozes.org.br\/?p=25763","title":{"rendered":"Minist\u00e9rio articula cria\u00e7\u00e3o de uma empresa conjunta entre Telebr\u00e1s e Eletrobras"},"content":{"rendered":"<p><span class=\"padrao\"><strong>Helton Posseti &#8211; Tele Time News<\/strong><\/p>\n<p>O Minist&eacute;rio das Comunica&ccedil;&otilde;es trabalha na elabora&ccedil;&atilde;o de um plano que permitir&aacute; &agrave; Eletrobras participar mais ativamente dos neg&oacute;cios que est&atilde;o sendo realizados pela Telebr&aacute;s. Na pr&aacute;tica, &eacute; uma solu&ccedil;&atilde;o para colcar dinheiro nos investimentos em fibra que a Telebr&aacute;s precisar&aacute; fazer. De acordo com o ministro Paulo Bernardo, as conversas come&ccedil;aram esta semana e ainda n&atilde;o h&aacute; um modelo definido, mas uma das possibilidades seria a cria&ccedil;&atilde;o de uma empresa &agrave; parte onde Eletrobras e Telebr&aacute;s seriam s&oacute;cias. A ideia, segundo Bernardo, agrada &agrave; presidenta Dilma.<\/p>\n<p>Hoje a Eletrobras apenas fornece as fibras para a explora&ccedil;&atilde;o da Telebr&aacute;s. Segundo o ministro, a estatal do setor el&eacute;trico deseja ter uma participa&ccedil;&atilde;o mais ativa na Telebr&aacute;s. Na &uacute;ltima quarta-feira, 29, Paulo Bernardo se reuniu com o presidente da Telebr&aacute;s, Caio Bonilha, com representantes da Casa Civil e da Eletrobras na primeira reuni&atilde;o que tratou do assunto. &quot;O backbone das empresas el&eacute;tricas ser&aacute; totalmente iluminado&quot;.<\/p>\n<p>Bernardo evita falar em &quot;capitaliza&ccedil;&atilde;o&quot; da Telebr&aacute;s, mas reconhece que o arranjo viabiliza o ingresso de investimento da Eletrobras na Telebr&aacute;s e poder&aacute; ajudar a estatal de telecomunica&ccedil;&otilde;es a alcan&ccedil;ar as metas de investimento de R$ 1 bilh&atilde;o por ano, previsto no in&iacute;cio do PNBL. &quot;Fizemos uma reuni&atilde;o e a Eletrobras deve entrar de s&oacute;cia para termos mais recursos na explora&ccedil;&atilde;o dessas fibras&quot;, disse ele. A Telebr&aacute;s seria a respons&aacute;vel pela comercializa&ccedil;&atilde;o e relacionamento com os clientes.<\/p>\n<p>A ideia &eacute; que 100% dos munic&iacute;pios sejam atendidos pelo backhaul de banda larga da estatal at&eacute; 2014.<\/span><\/p>\n<p>&nbsp;<\/p>\n<p>&nbsp;<\/p>\n","protected":false},"excerpt":{"rendered":"<p>Helton Posseti &#8211; Tele Time News O Minist&eacute;rio das Comunica&ccedil;&otilde;es trabalha na elabora&ccedil;&atilde;o de um plano que permitir&aacute; &agrave; Eletrobras participar mais ativamente dos neg&oacute;cios que est&atilde;o sendo realizados pela Telebr&aacute;s. Na pr&aacute;tica, &eacute; uma solu&ccedil;&atilde;o para colcar dinheiro nos investimentos em fibra que a Telebr&aacute;s precisar&aacute; fazer. De acordo com o ministro Paulo Bernardo, &hellip; <a href=\"https:\/\/obscom.intervozes.org.br\/?p=25763\" class=\"more-link\">Continue lendo <span class=\"screen-reader-text\">Minist\u00e9rio articula cria\u00e7\u00e3o de uma empresa conjunta entre Telebr\u00e1s e Eletrobras<\/span> <span class=\"meta-nav\">&rarr;<\/span><\/a><\/p>\n","protected":false},"author":1,"featured_media":0,"comment_status":"open","ping_status":"open","sticky":false,"template":"","format":"standard","meta":{"footnotes":""},"categories":[39],"tags":[],"_links":{"self":[{"href":"https:\/\/obscom.intervozes.org.br\/index.php?rest_route=\/wp\/v2\/posts\/25763"}],"collection":[{"href":"https:\/\/obscom.intervozes.org.br\/index.php?rest_route=\/wp\/v2\/posts"}],"about":[{"href":"https:\/\/obscom.intervozes.org.br\/index.php?rest_route=\/wp\/v2\/types\/post"}],"author":[{"embeddable":true,"href":"https:\/\/obscom.intervozes.org.br\/index.php?rest_route=\/wp\/v2\/users\/1"}],"replies":[{"embeddable":true,"href":"https:\/\/obscom.intervozes.org.br\/index.php?rest_route=%2Fwp%2Fv2%2Fcomments&post=25763"}],"version-history":[{"count":0,"href":"https:\/\/obscom.intervozes.org.br\/index.php?rest_route=\/wp\/v2\/posts\/25763\/revisions"}],"wp:attachment":[{"href":"https:\/\/obscom.intervozes.org.br\/index.php?rest_route=%2Fwp%2Fv2%2Fmedia&parent=25763"}],"wp:term":[{"taxonomy":"category","embeddable":true,"href":"https:\/\/obscom.intervozes.org.br\/index.php?rest_route=%2Fwp%2Fv2%2Fcategories&post=25763"},{"taxonomy":"post_tag","embeddable":true,"href":"https:\/\/obscom.intervozes.org.br\/index.php?rest_route=%2Fwp%2Fv2%2Ftags&post=25763"}],"curies":[{"name":"wp","href":"https:\/\/api.w.org\/{rel}","templated":true}]}}