{"id":25757,"date":"2011-06-30T15:52:33","date_gmt":"2011-06-30T15:52:33","guid":{"rendered":"https:\/\/obscom.intervozes.org.br\/wordpress\/?p=25757"},"modified":"2011-06-30T15:52:33","modified_gmt":"2011-06-30T15:52:33","slug":"abert-defende-destinacao-de-canais-em-faixa-de-vhf-para-radio-am","status":"publish","type":"post","link":"https:\/\/obscom.intervozes.org.br\/?p=25757","title":{"rendered":"Abert defende destina\u00e7\u00e3o de canais em faixa de VHF para r\u00e1dio AM"},"content":{"rendered":"<p><span class=\"padrao\"><strong>Reda&ccedil;&atilde;o &#8211; Observat&oacute;rio do Direito &agrave; Comunica&ccedil;&atilde;o<\/strong><\/p>\n<p>A Associa&ccedil;&atilde;o Brasileira de Emissoras de R&aacute;dio e Televis&atilde;o (Abert) manifestou oficialmente sua posi&ccedil;&atilde;o favor&aacute;vel &agrave; destina&ccedil;&atilde;o da faixa de VHF, compreendida entre 76 MHz e 88 MHz, para o servi&ccedil;o de radiodifus&atilde;o sonora. A decis&atilde;o foi tomada em reuni&atilde;o da C&acirc;mara de R&aacute;dio da entidade e dos presidentes de Associa&ccedil;&otilde;es Estaduais de Radiodifus&atilde;o, nesta quarta-feira (29), em Bras&iacute;lia.<\/p>\n<p>Em nota, a entidade afirma que a destina&ccedil;&atilde;o desta faixa de freq&uuml;&ecirc;ncia &ndash; hoje ocupada pelos canais 5 e 6 de televis&atilde;o, que ser&atilde;o liberados quando conclu&iacute;da a digitaliza&ccedil;&atilde;o da TV, prevista para 2016 &ndash; &eacute; o caminho mais adequado para atender &agrave; necessidade do r&aacute;dio brasileiro.<br \/><\/span><span class=\"padrao\"><br \/><strong>Padr&atilde;o Digital<\/strong><\/p>\n<p>A Abert tamb&eacute;m comemorou a iniciativa do Minist&eacute;rio das Comunica&ccedil;&otilde;es de promover um chamamento p&uacute;blico para a realiza&ccedil;&atilde;o de testes com padr&otilde;es de r&aacute;dio digital dispon&iacute;veis no mercado, e se colocou &agrave; inteira disposi&ccedil;&atilde;o do Minist&eacute;rio para colaborar ativamente nesse trabalho.<\/p>\n<p><\/span><span class=\"padrao\">A Associa&ccedil;&atilde;o defende <\/span><span class=\"padrao\">ainda <\/span><span class=\"padrao\">  que a realoca&ccedil;&atilde;o para a referida faixa, aliada &agrave; defini&ccedil;&atilde;o do padr&atilde;o de  r&aacute;dio digital, permitir&aacute; que o ve&iacute;culo integre-se ao atual ambiente de  converg&ecirc;ncia com mais qualidade de transmiss&atilde;o e novos recursos  informativos.<\/span><\/p>\n","protected":false},"excerpt":{"rendered":"<p>Reda&ccedil;&atilde;o &#8211; Observat&oacute;rio do Direito &agrave; Comunica&ccedil;&atilde;o A Associa&ccedil;&atilde;o Brasileira de Emissoras de R&aacute;dio e Televis&atilde;o (Abert) manifestou oficialmente sua posi&ccedil;&atilde;o favor&aacute;vel &agrave; destina&ccedil;&atilde;o da faixa de VHF, compreendida entre 76 MHz e 88 MHz, para o servi&ccedil;o de radiodifus&atilde;o sonora. A decis&atilde;o foi tomada em reuni&atilde;o da C&acirc;mara de R&aacute;dio da entidade e dos &hellip; <a href=\"https:\/\/obscom.intervozes.org.br\/?p=25757\" class=\"more-link\">Continue lendo <span class=\"screen-reader-text\">Abert defende destina\u00e7\u00e3o de canais em faixa de VHF para r\u00e1dio AM<\/span> <span class=\"meta-nav\">&rarr;<\/span><\/a><\/p>\n","protected":false},"author":1,"featured_media":0,"comment_status":"open","ping_status":"open","sticky":false,"template":"","format":"standard","meta":{"footnotes":""},"categories":[39],"tags":[],"_links":{"self":[{"href":"https:\/\/obscom.intervozes.org.br\/index.php?rest_route=\/wp\/v2\/posts\/25757"}],"collection":[{"href":"https:\/\/obscom.intervozes.org.br\/index.php?rest_route=\/wp\/v2\/posts"}],"about":[{"href":"https:\/\/obscom.intervozes.org.br\/index.php?rest_route=\/wp\/v2\/types\/post"}],"author":[{"embeddable":true,"href":"https:\/\/obscom.intervozes.org.br\/index.php?rest_route=\/wp\/v2\/users\/1"}],"replies":[{"embeddable":true,"href":"https:\/\/obscom.intervozes.org.br\/index.php?rest_route=%2Fwp%2Fv2%2Fcomments&post=25757"}],"version-history":[{"count":0,"href":"https:\/\/obscom.intervozes.org.br\/index.php?rest_route=\/wp\/v2\/posts\/25757\/revisions"}],"wp:attachment":[{"href":"https:\/\/obscom.intervozes.org.br\/index.php?rest_route=%2Fwp%2Fv2%2Fmedia&parent=25757"}],"wp:term":[{"taxonomy":"category","embeddable":true,"href":"https:\/\/obscom.intervozes.org.br\/index.php?rest_route=%2Fwp%2Fv2%2Fcategories&post=25757"},{"taxonomy":"post_tag","embeddable":true,"href":"https:\/\/obscom.intervozes.org.br\/index.php?rest_route=%2Fwp%2Fv2%2Ftags&post=25757"}],"curies":[{"name":"wp","href":"https:\/\/api.w.org\/{rel}","templated":true}]}}