{"id":25755,"date":"2011-06-30T14:52:30","date_gmt":"2011-06-30T14:52:30","guid":{"rendered":"https:\/\/obscom.intervozes.org.br\/wordpress\/?p=25755"},"modified":"2011-06-30T14:52:30","modified_gmt":"2011-06-30T14:52:30","slug":"dobramos-a-velocidade-da-banda-larga-e-cortamos-o-preco-sem-um-unico-centavo-publico","status":"publish","type":"post","link":"https:\/\/obscom.intervozes.org.br\/?p=25755","title":{"rendered":"&#8220;Dobramos a velocidade da banda larga e cortamos o pre\u00e7o sem um \u00fanico centavo p\u00fablico&#8221;"},"content":{"rendered":"<p><span class=\"padrao\">Nos documentos que ser&atilde;o assinados hoje, 30, haver&aacute; o compromisso das concession&aacute;rias de chegar a uma oferta de banda larga de 5 Mbps. Al&eacute;m disso, afirmou o ministro Paulo Bernardo, o presidente da Anatel, Ronaldo Sardenberg, assegurou a ele e &agrave; presidente Dilma Rousseff que at&eacute; outubro aprova o regulamento de qualidade da banda larga (SCM) e o Plano Geral de Metas de Competi&ccedil;&atilde;o (PGMC). Para o ministro, o mais significativo de toda esta negocia&ccedil;&atilde;o, &eacute; que a popula&ccedil;&atilde;o brasileira vai poder contar com internet mais r&aacute;pida &#8211; de 1 Mbps &#8211; a R$ 35,00, o dobro do que havia proposto inicialmente o governo no seu Plano Nacional de Banda Larga, sem que o Estado tivesse colocado um &uacute;nico centavo p&uacute;blico.<\/p>\n<p>Bernardo assinalou que a decis&atilde;o de n&atilde;o definir um valor monet&aacute;rio para a velocidade de 5 Mbps, que estar&aacute; dispon&iacute;vel em 2014, se deve ao fato de que o governo acredita que a competi&ccedil;&atilde;o ir&aacute; reduzir os pre&ccedil;os a patamares mais baixos at&eacute; l&aacute;.<\/p>\n<p>Em entrevista ao portal, Paulo Bernardo salientou ainda que o governo j&aacute; elabora um programa para &quot;a chegada&quot; , j&aacute; que este an&uacute;ncio &eacute; s&oacute; a largada do programa de banda larga. E este programa ir&aacute; prever o uso de todas as tecnologias, al&eacute;m dos cabos de fibra &oacute;ptica. &quot;O Brasil &eacute; muito grande para conseguirmos instalar fibra em todo o territ&oacute;rio&quot;, afirmou.<\/p>\n<p><strong>Telefonia Rural<\/strong><\/p>\n<p>O ministro explicou ainda que o governo n&atilde;o abandonou as metas de telefonia rural individual, uma d&iacute;vida, que reconhece, ainda deve ser paga. Mas disse que o minist&eacute;rio preferiu fazer a licita&ccedil;&atilde;o da faixa de 450 MHz ou de outra banda que se considerar importante para assegurar que a telefonia rural passe a existir de fato. &quot;As empresas continuam com as metas, condicionadas &agrave; solu&ccedil;&atilde;o das frequ&ecirc;ncias&quot;, completou.<\/p>\n<p>Ele salientou que a banda larga a ser oferecida pelas concession&aacute;rias privadas dentro do PNBL poder&aacute; ficar ainda mais barata &#8211; e sair por R$ 29,90 &#8211; se os estados aceitarem&nbsp; retirar o ICMS.<\/p>\n<p>Bernardo assinalou ainda que espera que a Anatel lance o mais rapidamente poss&iacute;vel as licita&ccedil;&otilde;es das faixas de 2,5 Ghz e de 3,5 Ghz que ir&atilde;o tamb&eacute;m ser ocupadas para a oferta da banda larga.<\/span><\/p>\n","protected":false},"excerpt":{"rendered":"<p>Nos documentos que ser&atilde;o assinados hoje, 30, haver&aacute; o compromisso das concession&aacute;rias de chegar a uma oferta de banda larga de 5 Mbps. Al&eacute;m disso, afirmou o ministro Paulo Bernardo, o presidente da Anatel, Ronaldo Sardenberg, assegurou a ele e &agrave; presidente Dilma Rousseff que at&eacute; outubro aprova o regulamento de qualidade da banda larga &hellip; <a href=\"https:\/\/obscom.intervozes.org.br\/?p=25755\" class=\"more-link\">Continue lendo <span class=\"screen-reader-text\">&#8220;Dobramos a velocidade da banda larga e cortamos o pre\u00e7o sem um \u00fanico centavo p\u00fablico&#8221;<\/span> <span class=\"meta-nav\">&rarr;<\/span><\/a><\/p>\n","protected":false},"author":1,"featured_media":0,"comment_status":"open","ping_status":"open","sticky":false,"template":"","format":"standard","meta":{"footnotes":""},"categories":[40],"tags":[1123],"_links":{"self":[{"href":"https:\/\/obscom.intervozes.org.br\/index.php?rest_route=\/wp\/v2\/posts\/25755"}],"collection":[{"href":"https:\/\/obscom.intervozes.org.br\/index.php?rest_route=\/wp\/v2\/posts"}],"about":[{"href":"https:\/\/obscom.intervozes.org.br\/index.php?rest_route=\/wp\/v2\/types\/post"}],"author":[{"embeddable":true,"href":"https:\/\/obscom.intervozes.org.br\/index.php?rest_route=\/wp\/v2\/users\/1"}],"replies":[{"embeddable":true,"href":"https:\/\/obscom.intervozes.org.br\/index.php?rest_route=%2Fwp%2Fv2%2Fcomments&post=25755"}],"version-history":[{"count":0,"href":"https:\/\/obscom.intervozes.org.br\/index.php?rest_route=\/wp\/v2\/posts\/25755\/revisions"}],"wp:attachment":[{"href":"https:\/\/obscom.intervozes.org.br\/index.php?rest_route=%2Fwp%2Fv2%2Fmedia&parent=25755"}],"wp:term":[{"taxonomy":"category","embeddable":true,"href":"https:\/\/obscom.intervozes.org.br\/index.php?rest_route=%2Fwp%2Fv2%2Fcategories&post=25755"},{"taxonomy":"post_tag","embeddable":true,"href":"https:\/\/obscom.intervozes.org.br\/index.php?rest_route=%2Fwp%2Fv2%2Ftags&post=25755"}],"curies":[{"name":"wp","href":"https:\/\/api.w.org\/{rel}","templated":true}]}}