{"id":25749,"date":"2011-06-29T15:27:33","date_gmt":"2011-06-29T15:27:33","guid":{"rendered":"https:\/\/obscom.intervozes.org.br\/wordpress\/?p=25749"},"modified":"2011-06-29T15:27:33","modified_gmt":"2011-06-29T15:27:33","slug":"camara-vai-discutir-denuncia-de-sobrepreco-em-pregao-da-telebras","status":"publish","type":"post","link":"https:\/\/obscom.intervozes.org.br\/?p=25749","title":{"rendered":"C\u00e2mara vai discutir den\u00fancia de sobrepre\u00e7o em preg\u00e3o da Telebr\u00e1s"},"content":{"rendered":"<p><span class=\"padrao\">A C&acirc;mara dos Deputados vai alimentar a den&uacute;ncia de que houve superfaturamento em um dos preg&otilde;es da Telebr&aacute;s para compra de infraestrutura b&aacute;sica, tema que j&aacute; passou pelo Tribunal de Contas da Uni&atilde;o &#8211; que determinou &agrave; estatal a renegocia&ccedil;&atilde;o dos valores.<\/p>\n<p>A Comiss&atilde;o de Ci&ecirc;ncia e Tecnologia aprovou um requerimento, apresentado pelo deputado Ant&ocirc;nio Ibassahy (PSDB-MG), para ouvir as empresas supostamente beneficiadas &#8211; Clemar e Zopone -, a autora das den&uacute;ncias &#8211; a Seteh Engenharia &#8211; e o ex-presidente da estatal, Rog&eacute;rio Santanna.<\/p>\n<p>Imbassahy sustenta que a Telebr&aacute;s deveria ter cancelado o preg&atilde;o, embora a decis&atilde;o do TCU, no caso, n&atilde;o tenha sido essa. O &oacute;rg&atilde;o de controle determinou que a estatal renegocie os valores a fim de reduzir os pre&ccedil;os que acabaram vencendo o preg&atilde;o 2\/2010.<\/p>\n<p>Originalmente, a den&uacute;ncia de que houve sobrepre&ccedil;o no preg&atilde;o partiu da empresa Seteh Engenharia. A alega&ccedil;&atilde;o &eacute; de que as propostas que venceram o preg&atilde;o significaram valores R$ 100 milh&otilde;es mais altos do que os encontrados no mercado.<\/p>\n<p>Na apura&ccedil;&atilde;o do TCU, as suspeitas de superfaturamento reca&iacute;ram, no entanto, em uma parcela menor dos itens licitados. A conclus&atilde;o do tribunal, conforme decis&atilde;o dos ministros em 25\/5, foi de que os contratos teriam valores R$ 53 milh&otilde;es superiores ao mercado.<\/p>\n<p>Como a Telebr&aacute;s j&aacute; reduzira em R$ 10 milh&otilde;es os pre&ccedil;os vencedores durante negocia&ccedil;&otilde;es com as empresas vencedoras, a ordem do TCU foi no sentido de que houvesse novas tratativas com as empresas para a redu&ccedil;&atilde;o de outros R$ 43 milh&otilde;es.<\/p>\n<p>A hip&oacute;tese de anula&ccedil;&atilde;o do preg&atilde;o se dar&aacute;, segundo o TCU, caso a estatal n&atilde;o tenha sucesso nessa nova negocia&ccedil;&atilde;o de pre&ccedil;os. O prazo para isso, por sinal, est&aacute; vencido. O tribunal, na decis&atilde;o de 25\/5, deu 30 dias para que a Telebr&aacute;s chegasse a termo com as vencedoras do preg&atilde;o.<\/p>\n<p>Apesar de apresentado pela oposi&ccedil;&atilde;o, o requerimento teve apoio do PT, na pessoa do deputado Sib&aacute; Machado (AC). Ele defendeu que a quest&atilde;o seja esclarecida de forma a n&atilde;o ser prejudicado o andamento do Plano Nacional de Banda Larga.<\/span><\/p>\n","protected":false},"excerpt":{"rendered":"<p>A C&acirc;mara dos Deputados vai alimentar a den&uacute;ncia de que houve superfaturamento em um dos preg&otilde;es da Telebr&aacute;s para compra de infraestrutura b&aacute;sica, tema que j&aacute; passou pelo Tribunal de Contas da Uni&atilde;o &#8211; que determinou &agrave; estatal a renegocia&ccedil;&atilde;o dos valores. A Comiss&atilde;o de Ci&ecirc;ncia e Tecnologia aprovou um requerimento, apresentado pelo deputado Ant&ocirc;nio &hellip; <a href=\"https:\/\/obscom.intervozes.org.br\/?p=25749\" class=\"more-link\">Continue lendo <span class=\"screen-reader-text\">C\u00e2mara vai discutir den\u00fancia de sobrepre\u00e7o em preg\u00e3o da Telebr\u00e1s<\/span> <span class=\"meta-nav\">&rarr;<\/span><\/a><\/p>\n","protected":false},"author":1,"featured_media":0,"comment_status":"open","ping_status":"open","sticky":false,"template":"","format":"standard","meta":{"footnotes":""},"categories":[40],"tags":[545],"_links":{"self":[{"href":"https:\/\/obscom.intervozes.org.br\/index.php?rest_route=\/wp\/v2\/posts\/25749"}],"collection":[{"href":"https:\/\/obscom.intervozes.org.br\/index.php?rest_route=\/wp\/v2\/posts"}],"about":[{"href":"https:\/\/obscom.intervozes.org.br\/index.php?rest_route=\/wp\/v2\/types\/post"}],"author":[{"embeddable":true,"href":"https:\/\/obscom.intervozes.org.br\/index.php?rest_route=\/wp\/v2\/users\/1"}],"replies":[{"embeddable":true,"href":"https:\/\/obscom.intervozes.org.br\/index.php?rest_route=%2Fwp%2Fv2%2Fcomments&post=25749"}],"version-history":[{"count":0,"href":"https:\/\/obscom.intervozes.org.br\/index.php?rest_route=\/wp\/v2\/posts\/25749\/revisions"}],"wp:attachment":[{"href":"https:\/\/obscom.intervozes.org.br\/index.php?rest_route=%2Fwp%2Fv2%2Fmedia&parent=25749"}],"wp:term":[{"taxonomy":"category","embeddable":true,"href":"https:\/\/obscom.intervozes.org.br\/index.php?rest_route=%2Fwp%2Fv2%2Fcategories&post=25749"},{"taxonomy":"post_tag","embeddable":true,"href":"https:\/\/obscom.intervozes.org.br\/index.php?rest_route=%2Fwp%2Fv2%2Ftags&post=25749"}],"curies":[{"name":"wp","href":"https:\/\/api.w.org\/{rel}","templated":true}]}}