{"id":25743,"date":"2011-06-28T21:27:07","date_gmt":"2011-06-28T21:27:07","guid":{"rendered":"https:\/\/obscom.intervozes.org.br\/wordpress\/?p=25743"},"modified":"2011-06-28T21:27:07","modified_gmt":"2011-06-28T21:27:07","slug":"ai-5-digital-deputado-do-pt-propoe-audiencia-publica","status":"publish","type":"post","link":"https:\/\/obscom.intervozes.org.br\/?p=25743","title":{"rendered":"AI-5 Digital: Deputado do PT prop\u00f5e audi\u00eancia p\u00fablica"},"content":{"rendered":"<p><span class=\"padrao\"><strong>Andr&eacute; Vieira para o Observat&oacute;rio do Direito &agrave; Comunica&ccedil;&atilde;o<\/strong><\/p>\n<p>O  deputado federal Emiliano Jos&eacute; (PT-BA) prop&ocirc;s hoje (28\/06) a realiza&ccedil;&atilde;o de uma  audi&ecirc;ncia p&uacute;blica para debater o substitutivo ao projeto de lei n.84\/1999, que  tipifica crimes cometidos por meio de sistema eletr&ocirc;nico, o AI-5  Digital.<\/p>\n<p>O <a href=\"http:\/\/www.camara.gov.br\/proposicoesWeb\/prop_mostrarintegra?codteor=892943&amp;filename=Tramitacao-PL+84\/1999\" target=\"_blank\">requerimento 57\/2011<\/a> apresentado pelo deputado na Comiss&atilde;o de  Ci&ecirc;ncia e Tecnologia sugere convidar os seguintes nomes para a audi&ecirc;ncia  p&uacute;blica: Sergio Amadeu da Silveira (CECS Universidade Federal do ABC &ndash; UFABC),  Marcos Dantas (Escola de Comunica&ccedil;&atilde;o da UFRJ), Pablo Ortellado (USP), Carlos  Afonso (Comit&ecirc; Gestor da Internet), Veridiana Alimonti (IDEC), Deni Getschko  (N&uacute;cleo de Informa&ccedil;&atilde;o e Coordena&ccedil;&atilde;o do Ponto br), Carlos Afonso (FGV), T&uacute;lio  Viana (UFMG), Rub&eacute;n Delgado (Frente Nacional de Entidades e Empresas de  Tecnologia da Informa&ccedil;&atilde;o).<\/p>\n<p>O requerimento consta na lista de  movimenta&ccedil;&otilde;es do referido projeto no portal da C&acirc;mara dos Deputados, mas ainda  n&atilde;o aparece na vers&atilde;o eletr&ocirc;nica da pauta da reuni&atilde;o ordin&aacute;ria da Comiss&atilde;o que  ocorre amanh&atilde; (29\/06) e que deve votar o parecer favor&aacute;vel apresentado pelo  relator dep. Eduardo Azeredo (PSDB-MG).<\/span><\/p>\n","protected":false},"excerpt":{"rendered":"<p>Andr&eacute; Vieira para o Observat&oacute;rio do Direito &agrave; Comunica&ccedil;&atilde;o O deputado federal Emiliano Jos&eacute; (PT-BA) prop&ocirc;s hoje (28\/06) a realiza&ccedil;&atilde;o de uma audi&ecirc;ncia p&uacute;blica para debater o substitutivo ao projeto de lei n.84\/1999, que tipifica crimes cometidos por meio de sistema eletr&ocirc;nico, o AI-5 Digital. O requerimento 57\/2011 apresentado pelo deputado na Comiss&atilde;o de Ci&ecirc;ncia &hellip; <a href=\"https:\/\/obscom.intervozes.org.br\/?p=25743\" class=\"more-link\">Continue lendo <span class=\"screen-reader-text\">AI-5 Digital: Deputado do PT prop\u00f5e audi\u00eancia p\u00fablica<\/span> <span class=\"meta-nav\">&rarr;<\/span><\/a><\/p>\n","protected":false},"author":1,"featured_media":0,"comment_status":"open","ping_status":"open","sticky":false,"template":"","format":"standard","meta":{"footnotes":""},"categories":[39],"tags":[],"_links":{"self":[{"href":"https:\/\/obscom.intervozes.org.br\/index.php?rest_route=\/wp\/v2\/posts\/25743"}],"collection":[{"href":"https:\/\/obscom.intervozes.org.br\/index.php?rest_route=\/wp\/v2\/posts"}],"about":[{"href":"https:\/\/obscom.intervozes.org.br\/index.php?rest_route=\/wp\/v2\/types\/post"}],"author":[{"embeddable":true,"href":"https:\/\/obscom.intervozes.org.br\/index.php?rest_route=\/wp\/v2\/users\/1"}],"replies":[{"embeddable":true,"href":"https:\/\/obscom.intervozes.org.br\/index.php?rest_route=%2Fwp%2Fv2%2Fcomments&post=25743"}],"version-history":[{"count":0,"href":"https:\/\/obscom.intervozes.org.br\/index.php?rest_route=\/wp\/v2\/posts\/25743\/revisions"}],"wp:attachment":[{"href":"https:\/\/obscom.intervozes.org.br\/index.php?rest_route=%2Fwp%2Fv2%2Fmedia&parent=25743"}],"wp:term":[{"taxonomy":"category","embeddable":true,"href":"https:\/\/obscom.intervozes.org.br\/index.php?rest_route=%2Fwp%2Fv2%2Fcategories&post=25743"},{"taxonomy":"post_tag","embeddable":true,"href":"https:\/\/obscom.intervozes.org.br\/index.php?rest_route=%2Fwp%2Fv2%2Ftags&post=25743"}],"curies":[{"name":"wp","href":"https:\/\/api.w.org\/{rel}","templated":true}]}}