{"id":25733,"date":"2011-06-27T16:25:35","date_gmt":"2011-06-27T16:25:35","guid":{"rendered":"https:\/\/obscom.intervozes.org.br\/wordpress\/?p=25733"},"modified":"2011-06-27T16:25:35","modified_gmt":"2011-06-27T16:25:35","slug":"dilma-quer-internet-sem-fio-de-graca-para-usuario-de-aeroportos-brasileiros-ate-julho","status":"publish","type":"post","link":"https:\/\/obscom.intervozes.org.br\/?p=25733","title":{"rendered":"Dilma quer internet sem fio de gra\u00e7a para usu\u00e1rio de aeroportos brasileiros at\u00e9 julho"},"content":{"rendered":"<p><span class=\"padrao\">A presidenta Dilma Rousseff quer que os aeroportos brasileiros ofere&ccedil;am o servi&ccedil;o de internet sem fio, gratuitamente, at&eacute; o final de julho. O servi&ccedil;o ser&aacute; implantado primeiro nos grandes aeroportos. A informa&ccedil;&atilde;o &eacute; da ministra-chefe da Casa Civil, Gleisi Hoffman.<\/p>\n<p>&ldquo;A presidenta Dilma quer internet gratuita nos aeroportos. Se n&atilde;o der no in&iacute;cio [do m&ecirc;s], queremos pelo menos que pegue o final de julho&rdquo;, disse a ministra hoje (27) em conversa com jornalistas no Pal&aacute;cio do Planalto.<\/p>\n<p>O governo est&aacute; elaborando um plano a ser implementado nos aeroportos tamb&eacute;m no m&ecirc;s de julho, per&iacute;odo em que a movimenta&ccedil;&atilde;o aumenta nos terminais em fun&ccedil;&atilde;o das f&eacute;rias escolares. A inten&ccedil;&atilde;o &eacute; evitar problemas como grandes atrasos nos voos e overbooking (venda de passagens acima da capacidade dos voos). &ldquo;Temos que ter bom gerenciamento da nossa malha a&eacute;rea. A presidenta Dilma quer receber relat&oacute;rios com an&aacute;lise circunstanciada dos voos com grandes atrasos&rdquo;, disse a ministra.<\/p>\n<p>O plano deve ser finalizado at&eacute; o come&ccedil;o da pr&oacute;xima semana e est&aacute; sendo elaborado com a participa&ccedil;&atilde;o da Secretaria de Avia&ccedil;&atilde;o Civil e da Empresa Brasileira de Infraestrutura Aeroportu&aacute;ria (Infraero).<\/p>\n<p>Gleisi destacou a responsabilidade da Infraero em garantir o bom atendimento aos passageiros. &ldquo;A Infraero tem que ser respons&aacute;vel pela popula&ccedil;&atilde;o que utiliza os aeroportos&rdquo;. A ministra disse que o governo quer tamb&eacute;m analisar as condi&ccedil;&otilde;es de tomadas para computadores, escadas rolantes e banheiros.<\/p>\n<p>Nesta tarde, a presidenta Dilma Rousseff re&uacute;ne-se com o ministro-chefe da Secretaria de Avia&ccedil;&atilde;o Civil, Wagner Bittencout, para discutir o plano.<\/span><\/p>\n","protected":false},"excerpt":{"rendered":"<p>A presidenta Dilma Rousseff quer que os aeroportos brasileiros ofere&ccedil;am o servi&ccedil;o de internet sem fio, gratuitamente, at&eacute; o final de julho. O servi&ccedil;o ser&aacute; implantado primeiro nos grandes aeroportos. A informa&ccedil;&atilde;o &eacute; da ministra-chefe da Casa Civil, Gleisi Hoffman. &ldquo;A presidenta Dilma quer internet gratuita nos aeroportos. Se n&atilde;o der no in&iacute;cio [do m&ecirc;s], &hellip; <a href=\"https:\/\/obscom.intervozes.org.br\/?p=25733\" class=\"more-link\">Continue lendo <span class=\"screen-reader-text\">Dilma quer internet sem fio de gra\u00e7a para usu\u00e1rio de aeroportos brasileiros at\u00e9 julho<\/span> <span class=\"meta-nav\">&rarr;<\/span><\/a><\/p>\n","protected":false},"author":1,"featured_media":0,"comment_status":"open","ping_status":"open","sticky":false,"template":"","format":"standard","meta":{"footnotes":""},"categories":[40],"tags":[1542],"_links":{"self":[{"href":"https:\/\/obscom.intervozes.org.br\/index.php?rest_route=\/wp\/v2\/posts\/25733"}],"collection":[{"href":"https:\/\/obscom.intervozes.org.br\/index.php?rest_route=\/wp\/v2\/posts"}],"about":[{"href":"https:\/\/obscom.intervozes.org.br\/index.php?rest_route=\/wp\/v2\/types\/post"}],"author":[{"embeddable":true,"href":"https:\/\/obscom.intervozes.org.br\/index.php?rest_route=\/wp\/v2\/users\/1"}],"replies":[{"embeddable":true,"href":"https:\/\/obscom.intervozes.org.br\/index.php?rest_route=%2Fwp%2Fv2%2Fcomments&post=25733"}],"version-history":[{"count":0,"href":"https:\/\/obscom.intervozes.org.br\/index.php?rest_route=\/wp\/v2\/posts\/25733\/revisions"}],"wp:attachment":[{"href":"https:\/\/obscom.intervozes.org.br\/index.php?rest_route=%2Fwp%2Fv2%2Fmedia&parent=25733"}],"wp:term":[{"taxonomy":"category","embeddable":true,"href":"https:\/\/obscom.intervozes.org.br\/index.php?rest_route=%2Fwp%2Fv2%2Fcategories&post=25733"},{"taxonomy":"post_tag","embeddable":true,"href":"https:\/\/obscom.intervozes.org.br\/index.php?rest_route=%2Fwp%2Fv2%2Ftags&post=25733"}],"curies":[{"name":"wp","href":"https:\/\/api.w.org\/{rel}","templated":true}]}}