{"id":25718,"date":"2011-06-21T12:33:13","date_gmt":"2011-06-21T12:33:13","guid":{"rendered":"https:\/\/obscom.intervozes.org.br\/wordpress\/?p=25718"},"modified":"2011-06-21T12:33:13","modified_gmt":"2011-06-21T12:33:13","slug":"obrigatoriedade-da-audiodescricao-na-tv-digital-comeca-no-dia-1o-de-julho","status":"publish","type":"post","link":"https:\/\/obscom.intervozes.org.br\/?p=25718","title":{"rendered":"Obrigatoriedade da audiodescri\u00e7\u00e3o na TV digital come\u00e7a no dia 1\u00ba de julho"},"content":{"rendered":"<p><span class=\"padrao\"><strong>Reda&ccedil;&atilde;o &#8211; Tela Viva News<\/strong><\/p>\n<p>As emissoras de TV digital dever&atilde;o ter pelo menos duas horas por semana de programa&ccedil;&atilde;o com o recurso da audiodescri&ccedil;&atilde;o, a partir do dia 1&ordm; de julho. O an&uacute;ncio foi feito nesta segunda, 20, em Bras&iacute;lia. Segundo nota da Ag&ecirc;ncia Brasil, o governo federal poder&aacute; reduzir o tempo de implanta&ccedil;&atilde;o do cronograma de implanta&ccedil;&atilde;o da audiodescri&ccedil;&atilde;o no pa&iacute;s, que prev&ecirc; que em dez anos as emissoras de televis&atilde;o digital dever&atilde;o exibir, no m&iacute;nimo, 20 horas semanais de programas audiodescritos.<\/p>\n<p><strong>O recurso<\/strong> &#8211; que consiste na narra&ccedil;&atilde;o que descreve elementos visuais e qualquer informa&ccedil;&atilde;o necess&aacute;ria para que os deficientes visuais possam compreender a programa&ccedil;&atilde;o -, dever&aacute; estar dispon&iacute;vel por meio da segunda programa&ccedil;&atilde;o de &aacute;udio enviada com o sinal de TV digital. As legendas ocultas, que j&aacute; s&atilde;o usadas para permitir que deficientes auditivos acompanhem os programas, continuar&atilde;o sendo obrigat&oacute;rias.<\/p>\n<p>Vale lembrar, a primeira portaria que trata do assunto da audiodescri&ccedil;&atilde;o &eacute; de 2006 e o prazo para o in&iacute;cio da transmiss&atilde;o de programa&ccedil;&atilde;o com o recurso j&aacute; foi adiado duas vezes. <\/span><\/p>\n<p>&nbsp;<\/p>\n","protected":false},"excerpt":{"rendered":"<p>Reda&ccedil;&atilde;o &#8211; Tela Viva News As emissoras de TV digital dever&atilde;o ter pelo menos duas horas por semana de programa&ccedil;&atilde;o com o recurso da audiodescri&ccedil;&atilde;o, a partir do dia 1&ordm; de julho. O an&uacute;ncio foi feito nesta segunda, 20, em Bras&iacute;lia. Segundo nota da Ag&ecirc;ncia Brasil, o governo federal poder&aacute; reduzir o tempo de implanta&ccedil;&atilde;o &hellip; <a href=\"https:\/\/obscom.intervozes.org.br\/?p=25718\" class=\"more-link\">Continue lendo <span class=\"screen-reader-text\">Obrigatoriedade da audiodescri\u00e7\u00e3o na TV digital come\u00e7a no dia 1\u00ba de julho<\/span> <span class=\"meta-nav\">&rarr;<\/span><\/a><\/p>\n","protected":false},"author":1,"featured_media":0,"comment_status":"open","ping_status":"open","sticky":false,"template":"","format":"standard","meta":{"footnotes":""},"categories":[39],"tags":[],"_links":{"self":[{"href":"https:\/\/obscom.intervozes.org.br\/index.php?rest_route=\/wp\/v2\/posts\/25718"}],"collection":[{"href":"https:\/\/obscom.intervozes.org.br\/index.php?rest_route=\/wp\/v2\/posts"}],"about":[{"href":"https:\/\/obscom.intervozes.org.br\/index.php?rest_route=\/wp\/v2\/types\/post"}],"author":[{"embeddable":true,"href":"https:\/\/obscom.intervozes.org.br\/index.php?rest_route=\/wp\/v2\/users\/1"}],"replies":[{"embeddable":true,"href":"https:\/\/obscom.intervozes.org.br\/index.php?rest_route=%2Fwp%2Fv2%2Fcomments&post=25718"}],"version-history":[{"count":0,"href":"https:\/\/obscom.intervozes.org.br\/index.php?rest_route=\/wp\/v2\/posts\/25718\/revisions"}],"wp:attachment":[{"href":"https:\/\/obscom.intervozes.org.br\/index.php?rest_route=%2Fwp%2Fv2%2Fmedia&parent=25718"}],"wp:term":[{"taxonomy":"category","embeddable":true,"href":"https:\/\/obscom.intervozes.org.br\/index.php?rest_route=%2Fwp%2Fv2%2Fcategories&post=25718"},{"taxonomy":"post_tag","embeddable":true,"href":"https:\/\/obscom.intervozes.org.br\/index.php?rest_route=%2Fwp%2Fv2%2Ftags&post=25718"}],"curies":[{"name":"wp","href":"https:\/\/api.w.org\/{rel}","templated":true}]}}