{"id":25717,"date":"2011-06-21T12:30:35","date_gmt":"2011-06-21T12:30:35","guid":{"rendered":"https:\/\/obscom.intervozes.org.br\/wordpress\/?p=25717"},"modified":"2011-06-21T12:30:35","modified_gmt":"2011-06-21T12:30:35","slug":"trabalhadores-do-campo-e-da-cidade-avaliam-comunicacao-contra-hegemonica-na-blogosfera","status":"publish","type":"post","link":"https:\/\/obscom.intervozes.org.br\/?p=25717","title":{"rendered":"Trabalhadores do campo e da cidade avaliam comunica\u00e7\u00e3o contra-hegem\u00f4nica na blogosfera"},"content":{"rendered":"<p><span class=\"padrao\">A abordagem estigmatizada da m&iacute;dia corporativa sobre as a&ccedil;&otilde;es do movimento sindical, que crescem na medida em que o pa&iacute;s se desenvolve economicamente, e do movimento social, com destaque negativo para as a&ccedil;&otilde;es organizadas em torno da luta por reforma agr&aacute;ria, alerta a classe trabalhadora para a urg&ecirc;ncia do avan&ccedil;o na consolida&ccedil;&atilde;o de formas de comunica&ccedil;&atilde;o pr&oacute;prias, que encontram cada vez mais espa&ccedil;o e respaldo na blogosfera.<\/p>\n<p>A oficina autogestionada que uniu os debates sobre sindicalismo na era da internet e perspectivas de comunica&ccedil;&atilde;o no &acirc;mbito da reforma agr&aacute;ria, realizada no &uacute;ltimo s&aacute;bado (18\/6), durante o 2o Encontro Nacional de Blogueiros Progressistas, em Bras&iacute;lia, apontou a necessidade de produ&ccedil;&atilde;o de conte&uacute;do e da apropria&ccedil;&atilde;o de novas ferramentas de comunica&ccedil;&atilde;o frente &agrave; cobertura hegem&ocirc;nica da m&iacute;dia convencional sobre as agendas das organiza&ccedil;&otilde;es.<\/p>\n<p>Guilherme Delgado, pesquisador aposentado do Instituto de Pesquisa Econ&ocirc;mica Aplicada (Ipea) e colunista do informativo digital Correio da Cidadania, apresentou aos participantes aspectos da quest&atilde;o agr&aacute;ria no pa&iacute;s e relacionou a marginaliza&ccedil;&atilde;o da atua&ccedil;&atilde;o dos movimentos sociais de luta por reforma agr&aacute;ria na m&iacute;dia &agrave; op&ccedil;&atilde;o dos governos recentes pelo modelo do agroneg&oacute;cio, caracterizado pela tr&iacute;ade concentra&ccedil;&atilde;o fundi&aacute;ria, foco em cadeias agroindustriais&nbsp; e produ&ccedil;&atilde;o de mat&eacute;rias-primas voltadas &agrave; exporta&ccedil;&atilde;o. Para ele, o modelo do agroneg&oacute;cio n&atilde;o &eacute; uma a&ccedil;&atilde;o singular, mas integra o pacto de economia pol&iacute;tica que envolve a primariza&ccedil;&atilde;o do com&eacute;rcio exterior &ldquo;com total ades&atilde;o e ader&ecirc;ncia&rdquo; da pol&iacute;tica financeira do Estado brasileiro.<\/p>\n<p>&ldquo;A reforma agr&aacute;ria est&aacute; &agrave; margem da agenda pol&iacute;tica, embora a quest&atilde;o agr&aacute;ria tenha se agravado nos &uacute;ltimos anos por conta de exacerbada prioridade ao agroneg&oacute;cio. Verifico que alguns temas que est&atilde;o bombando na agenda pol&iacute;tica nacional, como o C&oacute;digo Florestal, muitas vezes s&atilde;o abordados sem explica&ccedil;&atilde;o mais adensada por parte da m&iacute;dia&rdquo;, aponta.&nbsp; &ldquo;H&aacute; v&aacute;rios elementos novos na quest&atilde;o agr&aacute;ria, mas infelizmente esse conjunto de novos conflitos n&atilde;o est&aacute; devidamente assimilado no mundo da representa&ccedil;&atilde;o pol&iacute;tica e nos meios de comunica&ccedil;&atilde;o&rdquo;.<\/p>\n<p>Na avalia&ccedil;&atilde;o do jornalista e blogueiro <a href=\"http:\/\/www.rodrigovianna.com.br\">Rodrigo Vianna<\/a>, que tamb&eacute;m participou da atividade, o movimento sindical vem avan&ccedil;ando na utiliza&ccedil;&atilde;o de novas ferramentas de comunica&ccedil;&atilde;o.&nbsp; Ele destacou o incentivo que os sindicatos t&ecirc;m dado &agrave;s iniciativas de comunica&ccedil;&atilde;o contra-hegem&ocirc;nicas, principalmente na internet. &ldquo;Como os sindicatos n&atilde;o se veem representados pela m&iacute;dia tradicional, come&ccedil;am&nbsp; a investir em parcerias desse tipo. Este encontro, por exemplo, tem bastante apoio de organiza&ccedil;&otilde;es de trabalhadores&rdquo;.<\/p>\n<p>O distanciamento entre os profissionais de comunica&ccedil;&atilde;o da grande m&iacute;dia e o movimento sindical pode originar o ocultamento e o enviesamento das lutas, avalia Vianna. &ldquo;O jornalista &eacute; um dos profissionais com menor &iacute;ndice de sindicaliza&ccedil;&atilde;o no Brasil, fruto da influ&ecirc;ncia do discurso liberal dos anos 90. A estigmatiza&ccedil;&atilde;o &eacute; enorme, e talvez s&oacute; n&atilde;o seja maior do que a feita em rela&ccedil;&atilde;o aos movimentos de luta pela reforma agr&aacute;ria&rdquo;. Ao tocar nesse ponto, Vianna comentou ainda como se d&aacute; a orienta&ccedil;&atilde;o editorial na chamada &ldquo;grande imprensa&rdquo; quando os assuntos est&atilde;o relacionados aos movimentos de luta pela terra. &ldquo;As organiza&ccedil;&otilde;es de comunica&ccedil;&atilde;o usam o termo invas&atilde;o de terra, em lugar de ocupa&ccedil;&atilde;o, como forma de criminalizar. Eles tamb&eacute;m obrigam o jornalista a substituir o termo &lsquo;lideran&ccedil;a&rsquo; do movimento, tido como positivo, pelo termo &lsquo;chefe&rsquo; do movimento, em tom pejorativo&rdquo;, exemplificou.<\/p>\n<p><strong>Agrot&oacute;xicos: &ldquo;Extrapolamos o limite do imagin&aacute;vel&rdquo;<\/strong><\/p>\n<p>Atores considerados essenciais ao cen&aacute;rio que prioriza o modelo de expans&atilde;o da produtividade comandada pelo agroneg&oacute;cio, os agrot&oacute;xicos crescem no pa&iacute;s e j&aacute; n&atilde;o preocupam apenas os agricultores que lidam diretamente com esses venenos. &ldquo;J&aacute; &eacute; um problema que impacta todas as classes sociais e os consumidores nas cidades&rdquo;, ressaltou Let&iacute;cia Silva, gerente de normatiza&ccedil;&atilde;o da Ag&ecirc;ncia Nacional de Vigil&acirc;ncia Sanit&aacute;ria (Anvisa).<\/p>\n<p>A especialista falou da influ&ecirc;ncia do mercado sobre as pol&iacute;ticas de Estado de controle de agrot&oacute;xicos. &ldquo;As empresas pressionaram para impedir publica&ccedil;&atilde;o de normas t&eacute;cnicas, por exemplo. A Anvisa conseguiu concluir a reavalia&ccedil;&atilde;o de seis subst&acirc;ncias com cinco a&ccedil;&otilde;es judiciais. A lentid&atilde;o &eacute; enorme&rdquo;, avalia.<\/p>\n<p>Uma das raz&otilde;es, segundo a especialista, est&aacute; no poder econ&ocirc;mico alcan&ccedil;ado por esses grupos. Nada menos do que &ldquo;90% do mercado mundial de agrot&oacute;xicos, em todo o mundo, s&atilde;o controlados por 13 grandes empresas&rdquo;, que utilizam toda sorte de expediente pol&iacute;tico para pressionar a desregulamenta&ccedil;&atilde;o do setor.<\/p>\n<p>O Brasil &eacute;, atualmente, o pa&iacute;s que mais consome agrot&oacute;xicos no mundo. &ldquo;Com as proibi&ccedil;&otilde;es de algumas subst&acirc;ncias na China, Uni&atilde;o Europeia e EUA, vimos as curvas de importa&ccedil;&atilde;o de agrot&oacute;xicos para o Brasil aumentaram vertiginosamente. A sociedade precisa se apropriar do tema. Al&eacute;m da quest&atilde;o agr&aacute;ria e fundi&aacute;ria, o tema extrapolou o debate no campo. O leite materno est&aacute; sendo contaminado. Extrapolamos os limites do imagin&aacute;vel&rdquo;, acrescentou. Segundo Let&iacute;cia, entre 2000 e 2010, a produ&ccedil;&atilde;o agr&iacute;cola brasileira cresceu 20%, enquanto o uso de agrot&oacute;xicos, no mesmo per&iacute;odo, subiu mais de 100%.<\/p>\n<p><strong>Sindicatos ampliam visibilidade na rede<\/strong><\/p>\n<p>Marcos Verlaine, jornalista do Departamento Intersindical de Assessoria Parlamentar (Diap), acredita que a internet tem conseguido erodir o monop&oacute;lio da palavra dos jornais que disputam a opini&atilde;o da popula&ccedil;&atilde;o brasileira. Para ele, o uso da rede por parte do movimento sindical possibilita maior visibilidade &agrave; sua atua&ccedil;&atilde;o.&nbsp; &ldquo;Pelo baixo custo, &eacute; mais abrangente e mais capilar. Ampliamos o p&uacute;blico e olhamos para essa atua&ccedil;&atilde;o com perspectiva alvissareira&rdquo;, afirmou.<\/p>\n<p>Segundo Verlaine, o movimento sindical tem avan&ccedil;ado nas lutas relacionadas a temas importantes como sal&aacute;rio m&iacute;nimo e terceiriza&ccedil;&atilde;o, e a amplifica&ccedil;&atilde;o desses debates no conjunto da sociedade deve ter prioridade na estrat&eacute;gia das lutas. &ldquo;A deturpa&ccedil;&atilde;o da m&iacute;dia &eacute; cotidiana em rela&ccedil;&atilde;o ao movimento sindical. A media&ccedil;&atilde;o do sindicato foi fundamental para a greve dos metal&uacute;rgicos de Curitiba, por exemplo, e tratada com preconceito pelos ve&iacute;culos convencionais&rdquo;. A amplia&ccedil;&atilde;o do volume de informa&ccedil;&atilde;o gerada com o aumento de fontes de not&iacute;cias, acredita Verlaine, tamb&eacute;m oferece mais subs&iacute;dios para a tomada de decis&otilde;es. &ldquo;Sem imprensa, n&atilde;o conseguimos organizar o trabalhador&rdquo;.<\/p>\n<p><strong>Desafios<\/strong><\/p>\n<p>Ao final das exposi&ccedil;&otilde;es, os participantes apontaram limites do formato da oficina &ndash; que, ao unir os dois temas, diminuiu o tempo para debate &ndash; e avaliaram os cen&aacute;rios do movimento sindical e da luta por reforma agr&aacute;ria na era digital a partir de seus espa&ccedil;os de atua&ccedil;&atilde;o.<\/p>\n<p>Para o mediador do debate, Igor Felippe dos Santos, do setor de Comunica&ccedil;&atilde;o do MST e da Rede de Comunicadores pela Reforma Agr&aacute;ria, na atual conjuntura pol&iacute;tica e econ&ocirc;mica, o tema da comunica&ccedil;&atilde;o ganha centralidade tanto para o mundo do trabalho quanto na quest&atilde;o agr&aacute;ria. Ele citou as crises ambiental e alimentar, que pressionam a disputa pela terra em todo o planeta, e a necessidade de problematizar essa quest&atilde;o junto &agrave; sociedade, por meio de processos alternativos de comunica&ccedil;&atilde;o. No Brasil de hoje, segundo Igor, o crescimento econ&ocirc;mico deslocou o eixo de luta social para o campo das rela&ccedil;&otilde;es de trabalho, onde o papel dos sindicatos &ldquo;ganha mais import&acirc;ncia estrat&eacute;gica no enfrentamento direto do capital financeiro&rdquo;.<\/p>\n<p>Como tornar o conte&uacute;do das informa&ccedil;&otilde;es divulgadas pelos sindicatos mais palat&aacute;vel aos jovens trabalhadores, para al&eacute;m da mera utiliza&ccedil;&atilde;o das redes sociais? Como aglutinar e potencializar iniciativas no &acirc;mbito da luta por reforma agr&aacute;ria, como a Rede de Comunicadores pela Reforma Agr&aacute;ria e <a href=\"http:\/\/www.reformaagraria.blog.br\">o blog<\/a>, para mostrar que a democratiza&ccedil;&atilde;o da terra d&aacute; certo?<\/p>\n<p><em>*Colaborou Pedro Ferreira<\/em><\/span><\/p>\n<p>&nbsp;<\/p>\n<p>&nbsp;<\/p>\n","protected":false},"excerpt":{"rendered":"<p>Oficina autogestionada no 2&ordm; Encontro Nacional de Blogueiros Progressistas uniu sindicalistas e integrantes dos movimentos pela reforma agr&aacute;ria<\/p>\n","protected":false},"author":1,"featured_media":0,"comment_status":"open","ping_status":"open","sticky":false,"template":"","format":"standard","meta":{"footnotes":""},"categories":[40],"tags":[318],"_links":{"self":[{"href":"https:\/\/obscom.intervozes.org.br\/index.php?rest_route=\/wp\/v2\/posts\/25717"}],"collection":[{"href":"https:\/\/obscom.intervozes.org.br\/index.php?rest_route=\/wp\/v2\/posts"}],"about":[{"href":"https:\/\/obscom.intervozes.org.br\/index.php?rest_route=\/wp\/v2\/types\/post"}],"author":[{"embeddable":true,"href":"https:\/\/obscom.intervozes.org.br\/index.php?rest_route=\/wp\/v2\/users\/1"}],"replies":[{"embeddable":true,"href":"https:\/\/obscom.intervozes.org.br\/index.php?rest_route=%2Fwp%2Fv2%2Fcomments&post=25717"}],"version-history":[{"count":0,"href":"https:\/\/obscom.intervozes.org.br\/index.php?rest_route=\/wp\/v2\/posts\/25717\/revisions"}],"wp:attachment":[{"href":"https:\/\/obscom.intervozes.org.br\/index.php?rest_route=%2Fwp%2Fv2%2Fmedia&parent=25717"}],"wp:term":[{"taxonomy":"category","embeddable":true,"href":"https:\/\/obscom.intervozes.org.br\/index.php?rest_route=%2Fwp%2Fv2%2Fcategories&post=25717"},{"taxonomy":"post_tag","embeddable":true,"href":"https:\/\/obscom.intervozes.org.br\/index.php?rest_route=%2Fwp%2Fv2%2Ftags&post=25717"}],"curies":[{"name":"wp","href":"https:\/\/api.w.org\/{rel}","templated":true}]}}