{"id":25713,"date":"2011-06-20T15:14:16","date_gmt":"2011-06-20T15:14:16","guid":{"rendered":"https:\/\/obscom.intervozes.org.br\/wordpress\/?p=25713"},"modified":"2011-06-20T15:14:16","modified_gmt":"2011-06-20T15:14:16","slug":"campanha-banda-larga-e-um-direito-seu-promove-acao-virtual","status":"publish","type":"post","link":"https:\/\/obscom.intervozes.org.br\/?p=25713","title":{"rendered":"Campanha &#8220;Banda larga \u00e9 um direito seu!&#8221; promove a\u00e7\u00e3o virtual"},"content":{"rendered":"<p><span class=\"padrao\">Por uma internet r&aacute;pida, barata e de qualidade para todos, surgiu a campanha &ldquo;Banda Larga &eacute; um direito seu!&rdquo;. A manifesta&ccedil;&atilde;o nasceu de di&aacute;logos sobre a necessidade de se ter os servi&ccedil;os de banda larga prestados em regime p&uacute;blico &#8211; o que depende apenas de um decreto da presidente da rep&uacute;blica, sem a necessidade de lei espec&iacute;fica.<\/p>\n<p>Para tornar os di&aacute;logos participativos &agrave; toda sociedade civil, a campanha organiza a&ccedil;&otilde;es como o &ldquo;tuita&ccedil;o&rdquo;, que ser&aacute; realizado na pr&oacute;xima ter&ccedil;a-feira (21), concentrando-se entre as 16h e as 17h, onde os internautas postar&atilde;o no microblog v&aacute;rias frases de efeito (<em>hashtags<\/em>), tendo como principal: &ldquo;#MinhaInternetCaiu&#8230; caiu na m&atilde;o das teles&rdquo;. A atitude visa mobilizar todo o pa&iacute;s quanto aos objetivos da campanha e, tamb&eacute;m, acionar o Ministro das Comunica&ccedil;&otilde;es, Paulo Bernardo, sobre a inten&ccedil;&atilde;o de se discutir publicamente as quest&otilde;es do PNBL.<\/p>\n<p>A campanha re&uacute;ne diversas entidades, como o Instituto Brasileiro de Defesa do Consumidor (Idec), o Intervozes &#8211; Coletivo Brasil de Comunica&ccedil;&atilde;o Social, o Centro de Estudos da M&iacute;dia Alternativa Bar&atilde;o de itarar&eacute;, a ONG Vira&ccedil;&atilde;o, o Coletivo Digital, o Instituto Bem Estar Brasil e outras, al&eacute;m de v&aacute;rios Cineclubes e ades&otilde;es individuais. Sua apresenta&ccedil;&atilde;o foi em 26 de fevereiro e lan&ccedil;ada oficialmente no dia 25 de abril, com plen&aacute;rias simult&acirc;neas em SP, RJ, BA, DF e MS, al&eacute;m de transmiss&atilde;o ao vivo pela web.<\/p>\n<p>A articula&ccedil;&atilde;o, por&eacute;m, come&ccedil;ou ainda em 2010, antes do Plano Nacional de Banda Larga (PNBL) ser estabelecido, quando se tinha apenas not&iacute;cias de que um programa dessa natureza seria organizado. &ldquo;Ap&oacute;s o lan&ccedil;amento do PNBL, houve o entendimento de que dever&iacute;amos continuar com a campanha, para que pud&eacute;ssemos acompanhar e cobrar o governo quanto &agrave;s metas e a&ccedil;&otilde;es do novo plano&rdquo;, contou Veridiana Alimonti, advogada do Idec.<\/p>\n<p>Atualmente, a campanha est&aacute; voltada para dois pontos principais: o fechamento do Plano de Metas de Universaliza&ccedil;&atilde;o (PGMU) III e o projeto de lei que altera o regulamento do Fundo de Universaliza&ccedil;&atilde;o dos Servi&ccedil;os de Telecomunica&ccedil;&otilde;es (Fust). &ldquo;No final deste m&ecirc;s, a banda larga ter&aacute; uma rela&ccedil;&atilde;o muito grande com a telefonia fixa. Entendemos que este &eacute; um per&iacute;odo em que decis&otilde;es importantes ser&atilde;o tomadas&rdquo;, analisou Alimonti.<\/p>\n<p>Segundo o que entende a campanha, O PGMU III, que ser&aacute; fechado no pr&oacute;ximo dia 30, tem metas muito semelhantes &agrave;s do plano passado, e deveria ser revisto tanto no que diz respeito &agrave; velocidade quanto aos locais para ser estendido o atendimento. O objetivo do plano &eacute; levar telefonia fixa a todo o Brasil, independentemente da localiza&ccedil;&atilde;o e condi&ccedil;&atilde;o socioecon&ocirc;mica do usu&aacute;rio, por meio de metas a serem alcan&ccedil;adas pelas concession&aacute;rias. O PGMU deveria ter sido assinado em dezembro do ano passado, foi adiado para maio deste e mais uma vez protelado, a pedido da presidente Dilma, para que fosse utilizado, tamb&eacute;m, para negocia&ccedil;&otilde;es com as empresas levando em considera&ccedil;&atilde;o o PNBL.<\/p>\n<p>Por sua vez, a PL 1481\/2007 prop&otilde;em que os recursos do Fust, criado para financiar os servi&ccedil;os prestados em regime p&uacute;blico, passem a ser utilizados, tamb&eacute;m, naqueles oferecidos pelo setor privado. A proposta se justifica com a premissa de que a verba advinda do fundo n&atilde;o pode ser utilizada no sistema de banda larga, j&aacute; que se trata de um sistema privado. Para as entidades participantes da campanha, por&eacute;m, a proposta se caracteriza como invers&atilde;o de valores, j&aacute; que a internet deveria ser universalizada e n&atilde;o o contr&aacute;rio.<\/p>\n<p>Outro tema em voga &eacute; a quest&atilde;o dos contratos firmados por meio do PNBL. No dia 08 de junho foi assinado o primeiro acordo, que levar&aacute; &agrave; cidade goiana de Santo Ant&ocirc;nio do Descoberto, a cerca de 30 km de Bras&iacute;lia, pacotes de internet de 1 Mbps por at&eacute; R$35. &ldquo;Existem empresas que s&oacute; aceitam assinar um contrato deste se, conjuntamente, for vendido o servi&ccedil;o de telefonia. Isso &eacute; venda casada, &eacute; ilegal e est&aacute; no c&oacute;digo do direito do consumidor. O Minist&eacute;rio das Comunica&ccedil;&otilde;es n&atilde;o pode aceitar&rdquo;, argumentou Veridiana. A campanha visa mais espa&ccedil;os de participa&ccedil;&atilde;o social para discuss&atilde;o p&uacute;blica de assuntos como esse.<\/p>\n<p><strong>P&uacute;blico x Privado<\/strong><\/p>\n<p>Um servi&ccedil;o em regime p&uacute;blico compreende sempre o interesse coletivo e &eacute; aquele prestado mediante concess&atilde;o ou permiss&atilde;o. No que se refere &agrave; banda larga, a presta&ccedil;&atilde;o do servi&ccedil;o neste regime traria uma s&eacute;rie de obriga&ccedil;&otilde;es inexistentes hoje no sistema privado, como metas definidas para a universaliza&ccedil;&atilde;o, o compromisso de continuidade, a cria&ccedil;&atilde;o de bens revers&iacute;veis (bens essenciais &agrave; presta&ccedil;&atilde;o do servi&ccedil;o que s&atilde;o devolvidos &agrave; Uni&atilde;o no final do contrato), a garantia da exist&ecirc;ncia e presta&ccedil;&atilde;o desses servi&ccedil;os pela Uni&atilde;o no caso de omiss&atilde;o dos prestadores privados, e ainda, viabilizaria um controle efetivo das tarifas por parte da Anatel (no regime privado, as tarifas s&atilde;o livres).<\/p>\n<p>&ldquo;N&oacute;s entendemos a internet como um servi&ccedil;o fundamental, tanto por tratar de direitos essenciais como o direito &agrave; comunica&ccedil;&atilde;o, direito &agrave; cultura, direito &agrave; participa&ccedil;&atilde;o pol&iacute;tica etc., como, tamb&eacute;m, porque diz respeito &agrave; inclus&atilde;o digital e tem rela&ccedil;&atilde;o direta com o crescimento econ&ocirc;mico do pa&iacute;s&rdquo;, disse a advogada do Idec.<\/span><\/p>\n","protected":false},"excerpt":{"rendered":"<p>Manifesta&ccedil;&atilde;o pretende a reunir pela Internet pessoas de todo o Brasil por uma banda larga barata, de qualidade e para todos! <\/p>\n","protected":false},"author":1,"featured_media":0,"comment_status":"open","ping_status":"open","sticky":false,"template":"","format":"standard","meta":{"footnotes":""},"categories":[40],"tags":[830],"_links":{"self":[{"href":"https:\/\/obscom.intervozes.org.br\/index.php?rest_route=\/wp\/v2\/posts\/25713"}],"collection":[{"href":"https:\/\/obscom.intervozes.org.br\/index.php?rest_route=\/wp\/v2\/posts"}],"about":[{"href":"https:\/\/obscom.intervozes.org.br\/index.php?rest_route=\/wp\/v2\/types\/post"}],"author":[{"embeddable":true,"href":"https:\/\/obscom.intervozes.org.br\/index.php?rest_route=\/wp\/v2\/users\/1"}],"replies":[{"embeddable":true,"href":"https:\/\/obscom.intervozes.org.br\/index.php?rest_route=%2Fwp%2Fv2%2Fcomments&post=25713"}],"version-history":[{"count":0,"href":"https:\/\/obscom.intervozes.org.br\/index.php?rest_route=\/wp\/v2\/posts\/25713\/revisions"}],"wp:attachment":[{"href":"https:\/\/obscom.intervozes.org.br\/index.php?rest_route=%2Fwp%2Fv2%2Fmedia&parent=25713"}],"wp:term":[{"taxonomy":"category","embeddable":true,"href":"https:\/\/obscom.intervozes.org.br\/index.php?rest_route=%2Fwp%2Fv2%2Fcategories&post=25713"},{"taxonomy":"post_tag","embeddable":true,"href":"https:\/\/obscom.intervozes.org.br\/index.php?rest_route=%2Fwp%2Fv2%2Ftags&post=25713"}],"curies":[{"name":"wp","href":"https:\/\/api.w.org\/{rel}","templated":true}]}}