{"id":25707,"date":"2011-06-17T14:16:04","date_gmt":"2011-06-17T14:16:04","guid":{"rendered":"https:\/\/obscom.intervozes.org.br\/wordpress\/?p=25707"},"modified":"2011-06-17T14:16:04","modified_gmt":"2011-06-17T14:16:04","slug":"programadores-internacionais-avisam-que-vao-a-justica-caso-o-plc-116-seja-aprovado","status":"publish","type":"post","link":"https:\/\/obscom.intervozes.org.br\/?p=25707","title":{"rendered":"Programadores internacionais avisam que v\u00e3o \u00e0 Justi\u00e7a caso o PLC 116 seja aprovado"},"content":{"rendered":"<p><span class=\"padrao\">&ldquo;Se essa lei passar na CCJ (Comiss&atilde;o de Constitui&ccedil;&atilde;o de Justi&ccedil;a), ela n&atilde;o passa no STF. Preparem-se, essa lei tem voca&ccedil;&atilde;o para ser judicializada&rdquo;, foi assim que Marcos Bitelli, advogado que representa a Associa&ccedil;&atilde;o Brasileira de Programadoras de TV por Assinatura (ABPTA) sintetizou o descontentamento da associa&ccedil;&atilde;o com o PLC 116\/2010, que cria novas regras para a TV por assinatura, em audi&ecirc;ncia conjunta de cinco comiss&otilde;es nesta quinta, 16, no Senado.<\/p>\n<p>O grande problema &eacute; que, segundo Bitelli, &ldquo;atividade de comunica&ccedil;&atilde;o&rdquo; n&atilde;o pode ser confundida com &ldquo;servi&ccedil;o de comunica&ccedil;&atilde;o&rdquo;. Segundo ele, a atividade de comunica&ccedil;&atilde;o, que compreende a produ&ccedil;&atilde;o e distribui&ccedil;&atilde;o de conte&uacute;do, n&atilde;o &eacute; pass&iacute;vel de regula&ccedil;&atilde;o pelo direto brasileiro. &ldquo;N&atilde;o h&aacute; possibilidade de interfer&ecirc;ncia regulat&oacute;rio na atividade de comunica&ccedil;&atilde;o. O bode do conte&uacute;do entrou na quest&atilde;o do servi&ccedil;o de comunica&ccedil;&atilde;o e agora o bode est&aacute; ficando maior que a sala&rdquo;, diz ele, em refer&ecirc;ncia &agrave;s cotas de veicula&ccedil;&atilde;o de conte&uacute;do nacional e outras medidas que tamb&eacute;m tratam de conte&uacute;do previstas no projeto.<\/p>\n<p>O advogado critica tamb&eacute;m a mudan&ccedil;a do papel da Ancine, que segundo ele, passar&aacute; a ser uma ag&ecirc;ncia reguladora das atividades de programa&ccedil;&atilde;o e empacotamento de conte&uacute;do, quando na verdade, ela foi criada para fomentar a produ&ccedil;&atilde;o audiovisual no Brasil.<\/p>\n<p>J&aacute; os produtores independentes, representados por Francisco Mistrorigo, vice-presidente da Associa&ccedil;&atilde;o Brasileira das Produtoras Independentes de Televis&atilde;o (ABPTI-TV), acreditam que a inten&ccedil;&atilde;o da lei &eacute; a de estimular a produ&ccedil;&atilde;o nacional e n&atilde;o impor um modelo de neg&oacute;cio, como sustentado por Bitelli. &ldquo;Fica claro o entendimento de fomento porque s&atilde;o apenas 3h30 por semana, isso d&aacute; 30 minutos por dia, e s&oacute; por 10 anos&rdquo;.<\/p>\n<p>Jos&eacute; Francisco Ara&uacute;jo Lima, vice-presidente jur&iacute;dico da ABTA, mencionou que a quest&atilde;o das cotas foi respons&aacute;vel por diverg&ecirc;ncias internas dentro da ABTA que levaram, inclusive, a perdas de importantes associados da entidade. &ldquo;Sempre fomos inflex&iacute;veis em um aspecto, que foi a regalia ao conte&uacute;do nacional. Mas n&atilde;o conseguimos unanimidade na discuss&atilde;o democr&aacute;tica de apoio ao projeto, o que nos custou perdas important&iacute;ssimas&rdquo;, diz ele. A ABTA defende a aprova&ccedil;&atilde;o do projeto temendo que, sem ele, a Anatel promova a abertura do mercado por meio de mudan&ccedil;as regulat&oacute;rias como as que est&atilde;o sendo sugeridas. <\/span><\/p>\n<p>&nbsp;<\/p>\n","protected":false},"excerpt":{"rendered":"<p>&ldquo;Se essa lei passar na CCJ (Comiss&atilde;o de Constitui&ccedil;&atilde;o de Justi&ccedil;a), ela n&atilde;o passa no STF. Preparem-se, essa lei tem voca&ccedil;&atilde;o para ser judicializada&rdquo;, foi assim que Marcos Bitelli, advogado que representa a Associa&ccedil;&atilde;o Brasileira de Programadoras de TV por Assinatura (ABPTA) sintetizou o descontentamento da associa&ccedil;&atilde;o com o PLC 116\/2010, que cria novas regras &hellip; <a href=\"https:\/\/obscom.intervozes.org.br\/?p=25707\" class=\"more-link\">Continue lendo <span class=\"screen-reader-text\">Programadores internacionais avisam que v\u00e3o \u00e0 Justi\u00e7a caso o PLC 116 seja aprovado<\/span> <span class=\"meta-nav\">&rarr;<\/span><\/a><\/p>\n","protected":false},"author":1,"featured_media":0,"comment_status":"open","ping_status":"open","sticky":false,"template":"","format":"standard","meta":{"footnotes":""},"categories":[40],"tags":[831],"_links":{"self":[{"href":"https:\/\/obscom.intervozes.org.br\/index.php?rest_route=\/wp\/v2\/posts\/25707"}],"collection":[{"href":"https:\/\/obscom.intervozes.org.br\/index.php?rest_route=\/wp\/v2\/posts"}],"about":[{"href":"https:\/\/obscom.intervozes.org.br\/index.php?rest_route=\/wp\/v2\/types\/post"}],"author":[{"embeddable":true,"href":"https:\/\/obscom.intervozes.org.br\/index.php?rest_route=\/wp\/v2\/users\/1"}],"replies":[{"embeddable":true,"href":"https:\/\/obscom.intervozes.org.br\/index.php?rest_route=%2Fwp%2Fv2%2Fcomments&post=25707"}],"version-history":[{"count":0,"href":"https:\/\/obscom.intervozes.org.br\/index.php?rest_route=\/wp\/v2\/posts\/25707\/revisions"}],"wp:attachment":[{"href":"https:\/\/obscom.intervozes.org.br\/index.php?rest_route=%2Fwp%2Fv2%2Fmedia&parent=25707"}],"wp:term":[{"taxonomy":"category","embeddable":true,"href":"https:\/\/obscom.intervozes.org.br\/index.php?rest_route=%2Fwp%2Fv2%2Fcategories&post=25707"},{"taxonomy":"post_tag","embeddable":true,"href":"https:\/\/obscom.intervozes.org.br\/index.php?rest_route=%2Fwp%2Fv2%2Ftags&post=25707"}],"curies":[{"name":"wp","href":"https:\/\/api.w.org\/{rel}","templated":true}]}}