{"id":25702,"date":"2011-06-16T11:15:04","date_gmt":"2011-06-16T11:15:04","guid":{"rendered":"https:\/\/obscom.intervozes.org.br\/wordpress\/?p=25702"},"modified":"2011-06-16T11:15:04","modified_gmt":"2011-06-16T11:15:04","slug":"telebras-esta-trabalhando-em-tres-diferentes-projetos-para-o-pnbl-2","status":"publish","type":"post","link":"https:\/\/obscom.intervozes.org.br\/?p=25702","title":{"rendered":"Telebr\u00e1s est\u00e1 trabalhando em tr\u00eas diferentes projetos para o PNBL"},"content":{"rendered":"<p><span class=\"padrao\">O presidente da Telebr&aacute;s, Caio Bonilha, est&aacute; trabalhando em tr&ecirc;s dimens&otilde;es para o Plano Nacional de Banda Larga neste ano: um detalha a implementa&ccedil;&atilde;o de a&ccedil;&otilde;es dentro do or&ccedil;amento atual da Telebr&aacute;s, de R$ 350 milh&otilde;es; um segundo define a&ccedil;&otilde;es para um or&ccedil;amento de R$ 600 milh&otilde;es e o terceiro, para um or&ccedil;amento de R$ 800 milh&otilde;es. Os estudos est&atilde;o sendo feitos a pedido do ministro Paulo Bernardo, das Comunica&ccedil;&otilde;es.&ldquo;S&atilde;o projetos de engenharia com tr&ecirc;s dimens&otilde;es, conforme os recursos dispon&iacute;veis&rdquo;, disse hoje o secret&aacute;rio-executivo do Minist&eacute;rio das Comunica&ccedil;&otilde;es, Cezar Alvarez, na abertura do 9 Wireless Mundi, que est&aacute; sendo realizado pela Momento Editorial, em S&atilde;o Paulo.<\/p>\n<p>Alvarez tra&ccedil;ou um panorama do PNBL e relatou as a&ccedil;&otilde;es previstas para este ano. Informou que a meta definida pela presidente Dilma Rousseff, anteriormente, era de um or&ccedil;amento anual de R$ 1 bilh&atilde;o para Telebr&aacute;s &ndash; recursos que, para este ano, n&atilde;o devem se viabilizar devido ao contingenciamento or&ccedil;ament&aacute;rio.<\/p>\n<p>De acordo com Alvarez, se forem liberados mais recursos para a estatal este ano, a cobertura poder&aacute; ser ampliada, assim como a rede de fibra &oacute;ptica. &ldquo;Em lugares onde est&aacute; previsto WiMAX, podemos colocar fibra&rdquo;, disse, lembrando que o trecho inicial do backbone n&atilde;o contemplava os tr&ecirc;s estados do Sul. &ldquo;O acordo com a CEEE (Companhia de Energia El&eacute;trica Estadual) do Rio Grande do Sul vai, por exemplo, estender o PNBL para os tr&ecirc;s estados do Sul&rdquo;, citou.<\/p>\n<p>Alvarez lembrou tamb&eacute;m que os estados do Norte, que inicialmente n&atilde;o estavam contemplados na primeira fase do PNBL (a previs&atilde;o inicial era 2014) devem ser igualmente inclu&iacute;dos. &ldquo;O minist&eacute;rio est&aacute; conversando, inclusive com empresas privadas como Oi e Embratel e buscando solu&ccedil;&otilde;es, com sa&iacute;das pela Venezuela e Guiana Francesa, para atender os estados do Norte&rdquo;, afirmou.<\/span><\/p>\n","protected":false},"excerpt":{"rendered":"<p>O presidente da Telebr&aacute;s, Caio Bonilha, est&aacute; trabalhando em tr&ecirc;s dimens&otilde;es para o Plano Nacional de Banda Larga neste ano: um detalha a implementa&ccedil;&atilde;o de a&ccedil;&otilde;es dentro do or&ccedil;amento atual da Telebr&aacute;s, de R$ 350 milh&otilde;es; um segundo define a&ccedil;&otilde;es para um or&ccedil;amento de R$ 600 milh&otilde;es e o terceiro, para um or&ccedil;amento de R$ &hellip; <a href=\"https:\/\/obscom.intervozes.org.br\/?p=25702\" class=\"more-link\">Continue lendo <span class=\"screen-reader-text\">Telebr\u00e1s est\u00e1 trabalhando em tr\u00eas diferentes projetos para o PNBL<\/span> <span class=\"meta-nav\">&rarr;<\/span><\/a><\/p>\n","protected":false},"author":1,"featured_media":0,"comment_status":"open","ping_status":"open","sticky":false,"template":"","format":"standard","meta":{"footnotes":""},"categories":[40],"tags":[150],"_links":{"self":[{"href":"https:\/\/obscom.intervozes.org.br\/index.php?rest_route=\/wp\/v2\/posts\/25702"}],"collection":[{"href":"https:\/\/obscom.intervozes.org.br\/index.php?rest_route=\/wp\/v2\/posts"}],"about":[{"href":"https:\/\/obscom.intervozes.org.br\/index.php?rest_route=\/wp\/v2\/types\/post"}],"author":[{"embeddable":true,"href":"https:\/\/obscom.intervozes.org.br\/index.php?rest_route=\/wp\/v2\/users\/1"}],"replies":[{"embeddable":true,"href":"https:\/\/obscom.intervozes.org.br\/index.php?rest_route=%2Fwp%2Fv2%2Fcomments&post=25702"}],"version-history":[{"count":0,"href":"https:\/\/obscom.intervozes.org.br\/index.php?rest_route=\/wp\/v2\/posts\/25702\/revisions"}],"wp:attachment":[{"href":"https:\/\/obscom.intervozes.org.br\/index.php?rest_route=%2Fwp%2Fv2%2Fmedia&parent=25702"}],"wp:term":[{"taxonomy":"category","embeddable":true,"href":"https:\/\/obscom.intervozes.org.br\/index.php?rest_route=%2Fwp%2Fv2%2Fcategories&post=25702"},{"taxonomy":"post_tag","embeddable":true,"href":"https:\/\/obscom.intervozes.org.br\/index.php?rest_route=%2Fwp%2Fv2%2Ftags&post=25702"}],"curies":[{"name":"wp","href":"https:\/\/api.w.org\/{rel}","templated":true}]}}