{"id":25701,"date":"2011-06-16T10:56:57","date_gmt":"2011-06-16T10:56:57","guid":{"rendered":"https:\/\/obscom.intervozes.org.br\/wordpress\/?p=25701"},"modified":"2011-06-16T10:56:57","modified_gmt":"2011-06-16T10:56:57","slug":"abert-pede-a-anatel-comprovacao-da-convivencia-entre-wimax-e-parabolicas","status":"publish","type":"post","link":"https:\/\/obscom.intervozes.org.br\/?p=25701","title":{"rendered":"Abert pede a Anatel comprova\u00e7\u00e3o da conviv\u00eancia entre WiMAX e parab\u00f3licas"},"content":{"rendered":"<p><span class=\"padrao\">A Associa&ccedil;&atilde;o Brasileira de Emissoras de R&aacute;dio e Televis&atilde;o (Abert) vai enviar of&iacute;cio &agrave; Anatel pedindo a suspens&atilde;o da consulta p&uacute;blica sobre o edital de licita&ccedil;&atilde;o da faixa de 3,5 GHz, at&eacute; que a ag&ecirc;ncia apresente estudos comprovando a conviv&ecirc;ncia dos servi&ccedil;os m&oacute;veis e fixos nessa frequ&ecirc;ncia com o servi&ccedil;o de recep&ccedil;&atilde;o de sinal de TV via sat&eacute;lite por antena parab&oacute;lica, prestado na banda C. A entidade alega que, sem uma solu&ccedil;&atilde;o t&eacute;cnica vi&aacute;vel, a interfer&ecirc;ncia que ser&aacute; causada pelos equipamentos WiMAX ir&aacute; inviabilizar o modelo atual de transmiss&atilde;o de TV no Brasil.<\/p>\n<p>Durante semin&aacute;rio realizado nesta ter&ccedil;a-feira (14) na C&acirc;mara, representantes das emissoras de TV e das empresas de sat&eacute;lite apresentaram resultados de testes preliminares e que comprovam essa interfer&ecirc;ncia. Eles destacaram que a pot&ecirc;ncia propostas para equipamentos WiMAX pela Anatel, de at&eacute; 30 watts, est&aacute; muito acima da usada pelos receptores das parab&oacute;licas e que ainda n&atilde;o existem filtros nem outras solu&ccedil;&otilde;es tecnol&oacute;gicas capazes de superar o problema.<\/p>\n<p>O diretor-geral da Abert, Luis Roberto Antonik, a TV via parab&oacute;lica atende a mais de 72 milh&otilde;es de pessoas, sendo que 40% delas t&ecirc;m nesse servi&ccedil;o a &uacute;nica op&ccedil;&atilde;o de acessar a programa&ccedil;&atilde;o da televis&atilde;o gratuita, especialmente aqueles que moram na zona rural. Ele lembrou que na proposta anterior da ag&ecirc;ncia, a pot&ecirc;ncia m&aacute;xima para os equipamentos WiMAX era de 2 watts e que mesmo assim, j&aacute; apresenta alguma interfer&ecirc;ncia.<\/p>\n<p>A consulta p&uacute;blica sobre o edital da faixa de 3,5 GHz est&aacute; prevista para acabar na pr&oacute;xima semana, dia 24. A inten&ccedil;&atilde;o do governo &eacute; de licitar a frequ&ecirc;ncia ainda este ano, no intuito de massificar a banda larga. Para os radiodifusores, a penetra&ccedil;&atilde;o do acesso &agrave; internet &eacute; louv&aacute;vel, mas n&atilde;o pode decretar o fim de um servi&ccedil;o implantado com o objetivo de promover a integra&ccedil;&atilde;o nacional.<\/span><\/p>\n","protected":false},"excerpt":{"rendered":"<p>A Associa&ccedil;&atilde;o Brasileira de Emissoras de R&aacute;dio e Televis&atilde;o (Abert) vai enviar of&iacute;cio &agrave; Anatel pedindo a suspens&atilde;o da consulta p&uacute;blica sobre o edital de licita&ccedil;&atilde;o da faixa de 3,5 GHz, at&eacute; que a ag&ecirc;ncia apresente estudos comprovando a conviv&ecirc;ncia dos servi&ccedil;os m&oacute;veis e fixos nessa frequ&ecirc;ncia com o servi&ccedil;o de recep&ccedil;&atilde;o de sinal de &hellip; <a href=\"https:\/\/obscom.intervozes.org.br\/?p=25701\" class=\"more-link\">Continue lendo <span class=\"screen-reader-text\">Abert pede a Anatel comprova\u00e7\u00e3o da conviv\u00eancia entre WiMAX e parab\u00f3licas<\/span> <span class=\"meta-nav\">&rarr;<\/span><\/a><\/p>\n","protected":false},"author":1,"featured_media":0,"comment_status":"open","ping_status":"open","sticky":false,"template":"","format":"standard","meta":{"footnotes":""},"categories":[40],"tags":[551],"_links":{"self":[{"href":"https:\/\/obscom.intervozes.org.br\/index.php?rest_route=\/wp\/v2\/posts\/25701"}],"collection":[{"href":"https:\/\/obscom.intervozes.org.br\/index.php?rest_route=\/wp\/v2\/posts"}],"about":[{"href":"https:\/\/obscom.intervozes.org.br\/index.php?rest_route=\/wp\/v2\/types\/post"}],"author":[{"embeddable":true,"href":"https:\/\/obscom.intervozes.org.br\/index.php?rest_route=\/wp\/v2\/users\/1"}],"replies":[{"embeddable":true,"href":"https:\/\/obscom.intervozes.org.br\/index.php?rest_route=%2Fwp%2Fv2%2Fcomments&post=25701"}],"version-history":[{"count":0,"href":"https:\/\/obscom.intervozes.org.br\/index.php?rest_route=\/wp\/v2\/posts\/25701\/revisions"}],"wp:attachment":[{"href":"https:\/\/obscom.intervozes.org.br\/index.php?rest_route=%2Fwp%2Fv2%2Fmedia&parent=25701"}],"wp:term":[{"taxonomy":"category","embeddable":true,"href":"https:\/\/obscom.intervozes.org.br\/index.php?rest_route=%2Fwp%2Fv2%2Fcategories&post=25701"},{"taxonomy":"post_tag","embeddable":true,"href":"https:\/\/obscom.intervozes.org.br\/index.php?rest_route=%2Fwp%2Fv2%2Ftags&post=25701"}],"curies":[{"name":"wp","href":"https:\/\/api.w.org\/{rel}","templated":true}]}}