{"id":25699,"date":"2011-06-15T17:03:58","date_gmt":"2011-06-15T17:03:58","guid":{"rendered":"https:\/\/obscom.intervozes.org.br\/wordpress\/?p=25699"},"modified":"2011-06-15T17:03:58","modified_gmt":"2011-06-15T17:03:58","slug":"senado-renova-concessoes-de-radios-de-politicos","status":"publish","type":"post","link":"https:\/\/obscom.intervozes.org.br\/?p=25699","title":{"rendered":"Senado renova concess\u00f5es de r\u00e1dios de pol\u00edticos"},"content":{"rendered":"\n<p style=\"margin-bottom: 0cm; text-decoration: none\"><span class=\"padrao\"><span style=\"font-weight: normal\">Na reuni&atilde;o da <\/span>Comiss&atilde;o de Ci&ecirc;ncia, Tecnologia, Inova&ccedil;&atilde;o, Comunica&ccedil;&atilde;o e Inform&aacute;tica (CCT) realizada nesta quarta-feira (15), os senadores aprovaram por unanimidade a renova&ccedil;&atilde;o das concess&otilde;es de radiodifus&atilde;o de empresas do senador Edison Lob&atilde;o Filho (PMDB-MA) e do deputado federal Jos&eacute; Rocha (PR-BA).<\/p>\n<p><\/span> <\/p>\n<p style=\"margin-bottom: 0cm; text-decoration: none\"><span class=\"padrao\">O senador Lob&atilde;o Filho, segundo dados do Minist&eacute;rio das Comunica&ccedil;&otilde;es (Minicom), &eacute; um dos s&oacute;cios da R&aacute;dio e TV Difusora do Maranh&atilde;o. A empresa ganhou o direito de explorar por mais 10 anos os servi&ccedil;os de r&aacute;dio em ondas m&eacute;dias em S&atilde;o Lu&iacute;s do Maranh&atilde;o. Al&eacute;m disso, o parlamentar, que est&aacute; afastado do Congresso por licen&ccedil;a m&eacute;dica, &eacute; membro da CCT. Ele &eacute; filho de Edison Lob&atilde;o, ministro de Minas e Energia desde 2008 e ex-governador do Maranh&atilde;o. <\/p>\n<p><\/span> <\/p>\n<p style=\"margin-bottom: 0cm; text-decoration: none\" class=\"padrao\">O caso do deputado federal Jos&eacute; Rocha &eacute; um pouco diferente. Segundo os dados do Minicom, a esposa do parlamentar Noelma Rocha &eacute; que &eacute; s&oacute;cia da Rio S&atilde;o Francisco Radiodifusora. A empresa teve a concess&atilde;o dos servi&ccedil;os de r&aacute;dio em ondas m&eacute;dias em Bom Jesus da Lapa (BA) renovados tamb&eacute;m por mais 10 anos.  <\/p>\n<p style=\"margin-bottom: 0cm\"><span class=\"padrao\"><a name=\"a) firmar ou manter contrato co\" title=\"a) firmar ou manter contrato co\"><\/a><span style=\"text-decoration: none\"><br \/>A Constitui&ccedil;&atilde;o n&atilde;o impede parentes e c&ocirc;njuges de pol&iacute;ticos de serem concession&aacute;rios. O artigo 54 da Carta Magna pro&iacute;be, entretanto, que os pr&oacute;prios parlamentares sejam propriet&aacute;rios de empresas concession&aacute;rias de servi&ccedil;o p&uacute;blico. O texto constitucional diz que d<\/span>eputados e senadores n&atilde;o poder&atilde;o, desde a expedi&ccedil;&atilde;o do diploma, &ldquo;firmar ou manter contrato com pessoa jur&iacute;dica de direito p&uacute;blico, autarquia, empresa p&uacute;blica, sociedade de economia mista ou empresa concession&aacute;ria de servi&ccedil;o p&uacute;blico, salvo quando o contrato obedecer a cl&aacute;usulas uniformes&rdquo;. A quem desrespeitar a lei, a Constitui&ccedil;&atilde;o prev&ecirc; perda do mandato. <\/p>\n<p><\/span>  <\/p>\n<p style=\"margin-bottom: 0cm\" class=\"padrao\"><strong>Desrespeito  <\/strong><\/p>\n<p style=\"margin-bottom: 0cm\" class=\"padrao\"><span style=\"text-decoration: none\">Segundo dados da ONG Transpar&ecirc;ncia Brasil, no entanto, 21% dos senadores e 10% dos deputados federais s&atilde;o concession&aacute;rios de r&aacute;dio e TV, isso sem contar aqueles que t&ecirc;m empresas em nome de familiares ou laranjas. Uma lista com os nomes dos propriet&aacute;rios e s&oacute;cios de emissoras foi rec&eacute;m disponibilizada no site do Minist&eacute;rio das Comunica&ccedil;&otilde;es. <\/p>\n<p>Al&eacute;m da driblar a legisla&ccedil;&atilde;o colocando laranjas na dire&ccedil;&atilde;o de suas empresas, v&aacute;rios parlamentares se valem de interpreta&ccedil;&otilde;es divergentes do Legislativo e da Justi&ccedil;a sobre o texto consitucional para controlar emissoras. Esse entendimento pode estar a caminho de uma resolu&ccedil;&atilde;o. <\/span><span style=\"text-decoration: none; font-weight: normal\">Em 2009, a <\/span><strong><span style=\"text-decoration: none; font-weight: normal\">Comiss&atilde;o de Constitui&ccedil;&atilde;o, Justi&ccedil;a e Cidadania do Senado Federal aprovou uma resolu&ccedil;&atilde;o afirmando o car&aacute;ter il&iacute;cito de parlamentares figurarem como diretores, propriet&aacute;rios ou controladores de empresas que explorem servi&ccedil;os de radiodifus&atilde;o.<\/span><\/strong><\/p>\n<p style=\"margin-bottom: 0cm\"> <\/p>\n<p style=\"margin-bottom: 0cm\"><span class=\"padrao\"><span style=\"text-decoration: none\">Al&eacute;m disso, o ministro das Comunica&ccedil;&otilde;es, Paulo Bernardo, tem afirmado ser contra a pr&aacute;tica e que pretende propor alguma altera&ccedil;&atilde;o na lei que colabore com isso no projeto de revis&atilde;o do marco legal que est&aacute; construindo. &ldquo;S&oacute; n&atilde;o mandaremos se dentro do governo chegarmos a conclus&atilde;o que n&atilde;o deve mandar. Mas n&atilde;o sou ing&ecirc;nuo de achar que n&atilde;o vai ter rea&ccedil;&atilde;o&rdquo;, disse ele em entrevista a Carta Maior, publicada segunda-feira (13). <br \/><\/span><br \/><\/span> <\/p>\n<p class=\"padrao\"><span style=\"text-decoration: none\">O Senado no m&ecirc;s passado alterou algumas regras de aprova&ccedil;&atilde;o de concess&otilde;es na CCT. As mudan&ccedil;as que come&ccedil;aram a valer a partir da reuni&atilde;o d<\/span><span style=\"text-decoration: none; font-weight: normal\">esta quarta incluem apenas o impedimento que um senador seja relator de uma concess&atilde;o do seu pr&oacute;prio estado. <\/span><\/p>\n<p style=\"margin-bottom: 0cm\">&nbsp;<\/p>\n","protected":false},"excerpt":{"rendered":"<p>O senador Edison Lob&atilde;o Filho (PMDB-MA)  e o deputado federal Jos&eacute; Rocha (PR-BA) tiveram suas concess&otilde;es renovadas nesta quarta (15)<\/p>\n","protected":false},"author":1,"featured_media":0,"comment_status":"open","ping_status":"open","sticky":false,"template":"","format":"standard","meta":{"footnotes":""},"categories":[40],"tags":[106],"_links":{"self":[{"href":"https:\/\/obscom.intervozes.org.br\/index.php?rest_route=\/wp\/v2\/posts\/25699"}],"collection":[{"href":"https:\/\/obscom.intervozes.org.br\/index.php?rest_route=\/wp\/v2\/posts"}],"about":[{"href":"https:\/\/obscom.intervozes.org.br\/index.php?rest_route=\/wp\/v2\/types\/post"}],"author":[{"embeddable":true,"href":"https:\/\/obscom.intervozes.org.br\/index.php?rest_route=\/wp\/v2\/users\/1"}],"replies":[{"embeddable":true,"href":"https:\/\/obscom.intervozes.org.br\/index.php?rest_route=%2Fwp%2Fv2%2Fcomments&post=25699"}],"version-history":[{"count":0,"href":"https:\/\/obscom.intervozes.org.br\/index.php?rest_route=\/wp\/v2\/posts\/25699\/revisions"}],"wp:attachment":[{"href":"https:\/\/obscom.intervozes.org.br\/index.php?rest_route=%2Fwp%2Fv2%2Fmedia&parent=25699"}],"wp:term":[{"taxonomy":"category","embeddable":true,"href":"https:\/\/obscom.intervozes.org.br\/index.php?rest_route=%2Fwp%2Fv2%2Fcategories&post=25699"},{"taxonomy":"post_tag","embeddable":true,"href":"https:\/\/obscom.intervozes.org.br\/index.php?rest_route=%2Fwp%2Fv2%2Ftags&post=25699"}],"curies":[{"name":"wp","href":"https:\/\/api.w.org\/{rel}","templated":true}]}}