{"id":25698,"date":"2011-06-15T11:28:26","date_gmt":"2011-06-15T11:28:26","guid":{"rendered":"https:\/\/obscom.intervozes.org.br\/wordpress\/?p=25698"},"modified":"2011-06-15T11:28:26","modified_gmt":"2011-06-15T11:28:26","slug":"internet-segue-fora-do-marco-regulatorio-da-comunicacao-diz-paulo-bernardo","status":"publish","type":"post","link":"https:\/\/obscom.intervozes.org.br\/?p=25698","title":{"rendered":"Internet segue fora do marco regulat\u00f3rio da comunica\u00e7\u00e3o, diz Paulo Bernardo"},"content":{"rendered":"<br \/>\n<h1 class=\"western\"> <\/h1>\n<p style=\"margin-bottom: 0cm\" class=\"padrao\">O ministro das Comunica&ccedil;&otilde;es, Paulo Bernardo, admitiu que a internet n&atilde;o faz parte das discuss&otilde;es sobre o marco regulat&oacute;rio da comunica&ccedil;&atilde;o. A possibilidade depende de avalia&ccedil;&atilde;o da pasta. Os debates sobre a legisla&ccedil;&atilde;o que rege a m&iacute;dia e concess&otilde;es de r&aacute;dio e TV arrastam-se pelo menos desde 2010, e seguem sem planos de apresenta&ccedil;&atilde;o de anteprojeto ao Congresso Nacional.<\/p>\n<p>Paulo Bernardo aceitou estudar a inclus&atilde;o da internet no marco regulat&oacute;rio ap&oacute;s reuni&atilde;o com representantes da Associa&ccedil;&atilde;o Nacional dos Jornais (ANJ). Os donos de jornais e revistas da velha m&iacute;dia reivindicam que o limite de de 30% de participa&ccedil;&atilde;o de capital estrangeiro em empresas jornal&iacute;sticas seja aplicada tamb&eacute;m para portais na internet. A restri&ccedil;&atilde;o a estrangeiros est&aacute; estabelecida pela Constitui&ccedil;&atilde;o Federa para jornais impressos, r&aacute;dio e televis&atilde;o.<\/p>\n<p>O ministro disse que &eacute; preciso estudar como esse tipo de medida seria aplicada, j&aacute; que um site pode ser publicado e mantido de qualquer parte do mundo, o que dificulta uma eventual aplica&ccedil;&atilde;o de san&ccedil;&atilde;o. Paulo Bernardo diz n&atilde;o ver solu&ccedil;&atilde;o para o caso. &quot;N&atilde;o tem nada que enquadre esses sites. Temos que ver se &eacute; vi&aacute;vel. Eu acho que temos que olhar, n&atilde;o &eacute; s&oacute; falar n&atilde;o pode, porque empresa pode ser sediada em outro lugar&rdquo;, resumiu Paulo Bernardo.<\/p>\n<p>O ministro da Justi&ccedil;a, Jos&eacute; Eduardo Cardozo, e o advogado-geral da Uni&atilde;o, Lu&iacute;s In&aacute;cio Adams, ser&atilde;o consultados. Segundo Bernardo, o marco regulat&oacute;rio vai passar por uma consulta p&uacute;blica. &ldquo;Estamos definindo se ele ser&aacute; colocado para discuss&atilde;o pronto e acabado, com minuta definida ou apenas com pontos principais&rdquo;, detalhou.<\/p>\n<p>At&eacute; 2010, durante o governo do presidente Luiz In&aacute;cio Lula da Silva, a discuss&atilde;o do marco foi conduzida por Franklin Martins, ent&atilde;o ministro da Secretaria de Comunica&ccedil;&atilde;o Social (Secom). Ap&oacute;s a posse de Dilma Rousseff, Paulo Bernardo, transferido para a pasta das Comunica&ccedil;&otilde;es, ficou encarregado do tema.<\/p>\n<p>Empres&aacute;rios da velha m&iacute;dia resistem &agrave; mudan&ccedil;a da legisla&ccedil;&atilde;o, acusando o governo de tentar controlar a informa&ccedil;&atilde;o e cercear a liberdade de imprensa. A demanda de controle de participa&ccedil;&atilde;o de estrangeiros em sites visa a conter o avan&ccedil;o de portais ligados a empresas de telecomunica&ccedil;&otilde;es. Eles temem que, por terem mais recursos financeiros dispon&iacute;veis, empresas de m&iacute;dia ligadas &agrave;s corpora&ccedil;&otilde;es de telefonia fixa e de celular representem concorrentes amea&ccedil;adores.<\/p>\n","protected":false},"excerpt":{"rendered":"<p>O ministro das Comunica&ccedil;&otilde;es, Paulo Bernardo, admitiu que a internet n&atilde;o faz parte das discuss&otilde;es sobre o marco regulat&oacute;rio da comunica&ccedil;&atilde;o. A possibilidade depende de avalia&ccedil;&atilde;o da pasta. Os debates sobre a legisla&ccedil;&atilde;o que rege a m&iacute;dia e concess&otilde;es de r&aacute;dio e TV arrastam-se pelo menos desde 2010, e seguem sem planos de apresenta&ccedil;&atilde;o de &hellip; <a href=\"https:\/\/obscom.intervozes.org.br\/?p=25698\" class=\"more-link\">Continue lendo <span class=\"screen-reader-text\">Internet segue fora do marco regulat\u00f3rio da comunica\u00e7\u00e3o, diz Paulo Bernardo<\/span> <span class=\"meta-nav\">&rarr;<\/span><\/a><\/p>\n","protected":false},"author":1,"featured_media":0,"comment_status":"open","ping_status":"open","sticky":false,"template":"","format":"standard","meta":{"footnotes":""},"categories":[40],"tags":[366],"_links":{"self":[{"href":"https:\/\/obscom.intervozes.org.br\/index.php?rest_route=\/wp\/v2\/posts\/25698"}],"collection":[{"href":"https:\/\/obscom.intervozes.org.br\/index.php?rest_route=\/wp\/v2\/posts"}],"about":[{"href":"https:\/\/obscom.intervozes.org.br\/index.php?rest_route=\/wp\/v2\/types\/post"}],"author":[{"embeddable":true,"href":"https:\/\/obscom.intervozes.org.br\/index.php?rest_route=\/wp\/v2\/users\/1"}],"replies":[{"embeddable":true,"href":"https:\/\/obscom.intervozes.org.br\/index.php?rest_route=%2Fwp%2Fv2%2Fcomments&post=25698"}],"version-history":[{"count":0,"href":"https:\/\/obscom.intervozes.org.br\/index.php?rest_route=\/wp\/v2\/posts\/25698\/revisions"}],"wp:attachment":[{"href":"https:\/\/obscom.intervozes.org.br\/index.php?rest_route=%2Fwp%2Fv2%2Fmedia&parent=25698"}],"wp:term":[{"taxonomy":"category","embeddable":true,"href":"https:\/\/obscom.intervozes.org.br\/index.php?rest_route=%2Fwp%2Fv2%2Fcategories&post=25698"},{"taxonomy":"post_tag","embeddable":true,"href":"https:\/\/obscom.intervozes.org.br\/index.php?rest_route=%2Fwp%2Fv2%2Ftags&post=25698"}],"curies":[{"name":"wp","href":"https:\/\/api.w.org\/{rel}","templated":true}]}}