{"id":25686,"date":"2011-06-10T15:35:09","date_gmt":"2011-06-10T15:35:09","guid":{"rendered":"https:\/\/obscom.intervozes.org.br\/wordpress\/?p=25686"},"modified":"2011-06-10T15:35:09","modified_gmt":"2011-06-10T15:35:09","slug":"anatel-aprova-novo-convenio-para-fiscalizacao-da-radiodifusao","status":"publish","type":"post","link":"https:\/\/obscom.intervozes.org.br\/?p=25686","title":{"rendered":"Anatel aprova novo conv\u00eanio para fiscaliza\u00e7\u00e3o da radiodifus\u00e3o"},"content":{"rendered":"<p><span class=\"padrao\"><strong>Reda&ccedil;&atilde;o &#8211; Tele S&iacute;ntese<\/strong><\/p>\n<p>O Conselho Diretor da Anatel aprovou, nesta quinta-feira (9), a altera&ccedil;&atilde;o do conv&ecirc;nio 01\/2007, com Minist&eacute;rio das Comunica&ccedil;&otilde;es, ampliando a atua&ccedil;&atilde;o da ag&ecirc;ncia na fiscaliza&ccedil;&atilde;o dos servi&ccedil;os de radiodifus&atilde;o. Agora, al&eacute;m das quest&otilde;es t&eacute;cnicas, a Anatel vai verificar a obedi&ecirc;ncia aos quesitos de conte&uacute;dos discriminados na Constitui&ccedil;&atilde;o Federal, como o tempo m&aacute;ximo de veicula&ccedil;&atilde;o de propaganda.<\/p>\n<p>Pelo novo conv&ecirc;nio, ao inv&eacute;s de apenas apontar as irregularidades flagradas ao MiniCom, a Anatel vai instaurar e instruir os processos de irregularidades na radiodifus&atilde;o e apresentar sugest&otilde;es de puni&ccedil;&otilde;es. Por&eacute;m, as decis&otilde;es de aplica&ccedil;&atilde;o das san&ccedil;&otilde;es continuar&atilde;o a cargo do minist&eacute;rio.<\/p>\n<p>O texto do novo conv&ecirc;nio ser&aacute; publicado no Di&aacute;rio Oficial da Uni&atilde;o, ap&oacute;s a assinatura.<\/span><\/p>\n","protected":false},"excerpt":{"rendered":"<p>Reda&ccedil;&atilde;o &#8211; Tele S&iacute;ntese O Conselho Diretor da Anatel aprovou, nesta quinta-feira (9), a altera&ccedil;&atilde;o do conv&ecirc;nio 01\/2007, com Minist&eacute;rio das Comunica&ccedil;&otilde;es, ampliando a atua&ccedil;&atilde;o da ag&ecirc;ncia na fiscaliza&ccedil;&atilde;o dos servi&ccedil;os de radiodifus&atilde;o. Agora, al&eacute;m das quest&otilde;es t&eacute;cnicas, a Anatel vai verificar a obedi&ecirc;ncia aos quesitos de conte&uacute;dos discriminados na Constitui&ccedil;&atilde;o Federal, como o tempo &hellip; <a href=\"https:\/\/obscom.intervozes.org.br\/?p=25686\" class=\"more-link\">Continue lendo <span class=\"screen-reader-text\">Anatel aprova novo conv\u00eanio para fiscaliza\u00e7\u00e3o da radiodifus\u00e3o<\/span> <span class=\"meta-nav\">&rarr;<\/span><\/a><\/p>\n","protected":false},"author":1,"featured_media":0,"comment_status":"open","ping_status":"open","sticky":false,"template":"","format":"standard","meta":{"footnotes":""},"categories":[39],"tags":[],"_links":{"self":[{"href":"https:\/\/obscom.intervozes.org.br\/index.php?rest_route=\/wp\/v2\/posts\/25686"}],"collection":[{"href":"https:\/\/obscom.intervozes.org.br\/index.php?rest_route=\/wp\/v2\/posts"}],"about":[{"href":"https:\/\/obscom.intervozes.org.br\/index.php?rest_route=\/wp\/v2\/types\/post"}],"author":[{"embeddable":true,"href":"https:\/\/obscom.intervozes.org.br\/index.php?rest_route=\/wp\/v2\/users\/1"}],"replies":[{"embeddable":true,"href":"https:\/\/obscom.intervozes.org.br\/index.php?rest_route=%2Fwp%2Fv2%2Fcomments&post=25686"}],"version-history":[{"count":0,"href":"https:\/\/obscom.intervozes.org.br\/index.php?rest_route=\/wp\/v2\/posts\/25686\/revisions"}],"wp:attachment":[{"href":"https:\/\/obscom.intervozes.org.br\/index.php?rest_route=%2Fwp%2Fv2%2Fmedia&parent=25686"}],"wp:term":[{"taxonomy":"category","embeddable":true,"href":"https:\/\/obscom.intervozes.org.br\/index.php?rest_route=%2Fwp%2Fv2%2Fcategories&post=25686"},{"taxonomy":"post_tag","embeddable":true,"href":"https:\/\/obscom.intervozes.org.br\/index.php?rest_route=%2Fwp%2Fv2%2Ftags&post=25686"}],"curies":[{"name":"wp","href":"https:\/\/api.w.org\/{rel}","templated":true}]}}