{"id":25681,"date":"2011-06-08T17:14:12","date_gmt":"2011-06-08T17:14:12","guid":{"rendered":"https:\/\/obscom.intervozes.org.br\/wordpress\/?p=25681"},"modified":"2011-06-08T17:14:12","modified_gmt":"2011-06-08T17:14:12","slug":"anatel-abre-consulta-publica-para-atualizar-regulamentacao-sobre-tv-a-cabo","status":"publish","type":"post","link":"https:\/\/obscom.intervozes.org.br\/?p=25681","title":{"rendered":"Anatel abre consulta p\u00fablica para atualizar regulamenta\u00e7\u00e3o sobre TV a cabo"},"content":{"rendered":"<p><span class=\"padrao\">O Conselho Diretor da Anatel abriu tr&ecirc;s consultas p&uacute;blicas destinadas &agrave; regulamenta&ccedil;&atilde;o do servi&ccedil;o de TV a cabo. As tr&ecirc;s propostas ficar&atilde;o &agrave; disposi&ccedil;&atilde;o da sociedade pelo prazo de 40 dias, a contar de hoje (7). A publica&ccedil;&atilde;o do aviso est&aacute; no Di&aacute;rio Oficial da Uni&atilde;o.<\/p>\n<p>A Anatel decidiu atualizar a regulamenta&ccedil;&atilde;o para suprir lacunas existentes e criar um mercado mais flex&iacute;vel ao ingresso de novos competidores.<\/p>\n<p>As propostas aprovadas em reuni&atilde;o do Conselho Diretor, na semana passada, adotaram como preceito b&aacute;sico que a TV a cabo &eacute; um servi&ccedil;o de interesse coletivo, prestado no regime privado, resguardadas as especificidades da Lei de TV a Cabo.<\/p>\n<p>Entre as principais inova&ccedil;&otilde;es sugeridas est&atilde;o as altera&ccedil;&otilde;es nas regras de outorga, instala&ccedil;&atilde;o e licenciamento de servi&ccedil;os. A presta&ccedil;&atilde;o poder&aacute; ser autorizada a qualquer interessado, mediante pagamento do custo administrativo de R$ 9 mil pela outorga. N&atilde;o haver&aacute; limite ao n&uacute;mero de outorgas para presta&ccedil;&atilde;o do servi&ccedil;o.<\/p>\n<p>De acordo com a proposta, pelo menos um dos canais destinados &agrave; presta&ccedil;&atilde;o permanente dever&aacute; ser destinado exclusivamente &agrave; programa&ccedil;&atilde;o nacional em l&iacute;ngua portuguesa composta por obras cinematogr&aacute;ficas e audiovisuais brasileiras de produ&ccedil;&atilde;o independente.<\/p>\n<p>Ser&aacute; aplic&aacute;vel regulamenta&ccedil;&atilde;o do Minist&eacute;rio da Cultura &agrave;s condi&ccedil;&otilde;es de credenciamento e de habilita&ccedil;&atilde;o de programadoras.<\/p>\n<p>A distribui&ccedil;&atilde;o da programa&ccedil;&atilde;o desse canal, conforme a proposta da Anatel, dever&aacute; ser di&aacute;ria, com um m&iacute;nimo de 12 horas de programa&ccedil;&atilde;o ininterrupta, que inclua o hor&aacute;rio das 12h &agrave;s 24 horas. <\/span><\/p>\n<p>&nbsp;<\/p>\n","protected":false},"excerpt":{"rendered":"<p>O Conselho Diretor da Anatel abriu tr&ecirc;s consultas p&uacute;blicas destinadas &agrave; regulamenta&ccedil;&atilde;o do servi&ccedil;o de TV a cabo. As tr&ecirc;s propostas ficar&atilde;o &agrave; disposi&ccedil;&atilde;o da sociedade pelo prazo de 40 dias, a contar de hoje (7). A publica&ccedil;&atilde;o do aviso est&aacute; no Di&aacute;rio Oficial da Uni&atilde;o. A Anatel decidiu atualizar a regulamenta&ccedil;&atilde;o para suprir lacunas &hellip; <a href=\"https:\/\/obscom.intervozes.org.br\/?p=25681\" class=\"more-link\">Continue lendo <span class=\"screen-reader-text\">Anatel abre consulta p\u00fablica para atualizar regulamenta\u00e7\u00e3o sobre TV a cabo<\/span> <span class=\"meta-nav\">&rarr;<\/span><\/a><\/p>\n","protected":false},"author":1,"featured_media":0,"comment_status":"open","ping_status":"open","sticky":false,"template":"","format":"standard","meta":{"footnotes":""},"categories":[40],"tags":[1040],"_links":{"self":[{"href":"https:\/\/obscom.intervozes.org.br\/index.php?rest_route=\/wp\/v2\/posts\/25681"}],"collection":[{"href":"https:\/\/obscom.intervozes.org.br\/index.php?rest_route=\/wp\/v2\/posts"}],"about":[{"href":"https:\/\/obscom.intervozes.org.br\/index.php?rest_route=\/wp\/v2\/types\/post"}],"author":[{"embeddable":true,"href":"https:\/\/obscom.intervozes.org.br\/index.php?rest_route=\/wp\/v2\/users\/1"}],"replies":[{"embeddable":true,"href":"https:\/\/obscom.intervozes.org.br\/index.php?rest_route=%2Fwp%2Fv2%2Fcomments&post=25681"}],"version-history":[{"count":0,"href":"https:\/\/obscom.intervozes.org.br\/index.php?rest_route=\/wp\/v2\/posts\/25681\/revisions"}],"wp:attachment":[{"href":"https:\/\/obscom.intervozes.org.br\/index.php?rest_route=%2Fwp%2Fv2%2Fmedia&parent=25681"}],"wp:term":[{"taxonomy":"category","embeddable":true,"href":"https:\/\/obscom.intervozes.org.br\/index.php?rest_route=%2Fwp%2Fv2%2Fcategories&post=25681"},{"taxonomy":"post_tag","embeddable":true,"href":"https:\/\/obscom.intervozes.org.br\/index.php?rest_route=%2Fwp%2Fv2%2Ftags&post=25681"}],"curies":[{"name":"wp","href":"https:\/\/api.w.org\/{rel}","templated":true}]}}