{"id":25674,"date":"2011-06-06T14:56:53","date_gmt":"2011-06-06T14:56:53","guid":{"rendered":"https:\/\/obscom.intervozes.org.br\/wordpress\/?p=25674"},"modified":"2011-06-06T14:56:53","modified_gmt":"2011-06-06T14:56:53","slug":"minc-supervisionara-a-gestao-coletiva-dos-direitos-autorais-e-unificara-o-registro-de-obras","status":"publish","type":"post","link":"https:\/\/obscom.intervozes.org.br\/?p=25674","title":{"rendered":"MinC supervisionar\u00e1 a gest\u00e3o coletiva dos direitos autorais e unificar\u00e1 o registro de obras"},"content":{"rendered":"<p><span class=\"padrao\">O Minist&eacute;rio da Cultura dever&aacute; criar uma nova entidade vinculada, encarregada de supervisionar os trabalhos de gest&atilde;o coletiva sobre os direitos autorais. A nova estrutura ter&aacute; tamb&eacute;m a atribui&ccedil;&atilde;o de reunir os registros da produ&ccedil;&atilde;o art&iacute;stico-cultural no pa&iacute;s e de estimular estudos e debates sobre o tema.<\/p>\n<p>A informa&ccedil;&atilde;o foi levada ao conhecimento p&uacute;blico pelo coordenador-geral dos Direitos Autorais do Minist&eacute;rio da Cultura (MinC), Cristiano Lopes, durante audi&ecirc;ncia p&uacute;blica sobre a reforma da Lei Autoral, realizada na Comiss&atilde;o de Educa&ccedil;&atilde;o e Cultura da C&acirc;mara dos Deputados, nesta quinta-feira (dia 2 de junho).<\/p>\n<p>A decis&atilde;o est&aacute; amparada no Plano Nacional de Cultura (PNC), aprovado pelo Congresso Nacional em dezembro de 2010, e inclui a cria&ccedil;&atilde;o de um Centro de Estudos e Fomento &agrave; Pesquisa sobre Direitos Autorais, que dever&aacute; funcionar aos moldes da Escola Nacional de Defesa do Consumidor, &ndash; pertencente ao Minist&eacute;rio da Justi&ccedil;a (MJ) &ndash; e da Escola da Advocacia-Geral da Uni&atilde;o, para divulga&ccedil;&atilde;o e capacita&ccedil;&atilde;o no setor.<\/p>\n<p>A diretora de Direitos Intelectuais do MinC, M&aacute;rcia Barbosa, disse que a supervis&atilde;o proposta pelo Minist&eacute;rio da Cultura dever&aacute; estabelecer a observ&acirc;ncia de par&acirc;metros suficientes, que assegurem a arrecada&ccedil;&atilde;o e a distribui&ccedil;&atilde;o transparentes e justas dos direitos autorais, conforme estabelece a Constitui&ccedil;&atilde;o Federal, sem negligenciar os interesses dos usu&aacute;rios.<\/p>\n<p>Ela assegurou que o minist&eacute;rio n&atilde;o interferir&aacute; na fixa&ccedil;&atilde;o dos valores que o Ecad cobra a quem executa publicamente obras musicais, a fim de evitar a caracteriza&ccedil;&atilde;o de uma interven&ccedil;&atilde;o fiscalizat&oacute;ria inconstitucional do Estado na gest&atilde;o coletiva dos direitos autorais.<\/p>\n<p><strong>Unifica&ccedil;&atilde;o dos Registros<\/strong><\/p>\n<p>A futura institui&ccedil;&atilde;o tamb&eacute;m ir&aacute; concentrar a unifica&ccedil;&atilde;o dos registros de obras art&iacute;sticas e culturais, reunindo em um mesmo local todas as informa&ccedil;&otilde;es sobre a produ&ccedil;&atilde;o criativa do pa&iacute;s. &ldquo;Esta decis&atilde;o ir&aacute; permitir a preserva&ccedil;&atilde;o de um acervo cultural inestim&aacute;vel, al&eacute;m do permitir o acesso &agrave;s informa&ccedil;&otilde;es e viabilizar o uso destes dados estat&iacute;sticos na elabora&ccedil;&atilde;o das pol&iacute;ticas p&uacute;blicas na &aacute;rea da Cultura&rdquo;, disse a diretora. Ela comentou, tamb&eacute;m, que a unifica&ccedil;&atilde;o do registro ir&aacute; facilitar o conhecimento da sociedade sobre as obras que est&atilde;o em dom&iacute;nio p&uacute;blico.<\/span><\/p>\n","protected":false},"excerpt":{"rendered":"<p>O Minist&eacute;rio da Cultura dever&aacute; criar uma nova entidade vinculada, encarregada de supervisionar os trabalhos de gest&atilde;o coletiva sobre os direitos autorais. A nova estrutura ter&aacute; tamb&eacute;m a atribui&ccedil;&atilde;o de reunir os registros da produ&ccedil;&atilde;o art&iacute;stico-cultural no pa&iacute;s e de estimular estudos e debates sobre o tema. A informa&ccedil;&atilde;o foi levada ao conhecimento p&uacute;blico pelo &hellip; <a href=\"https:\/\/obscom.intervozes.org.br\/?p=25674\" class=\"more-link\">Continue lendo <span class=\"screen-reader-text\">MinC supervisionar\u00e1 a gest\u00e3o coletiva dos direitos autorais e unificar\u00e1 o registro de obras<\/span> <span class=\"meta-nav\">&rarr;<\/span><\/a><\/p>\n","protected":false},"author":1,"featured_media":0,"comment_status":"open","ping_status":"open","sticky":false,"template":"","format":"standard","meta":{"footnotes":""},"categories":[40],"tags":[179],"_links":{"self":[{"href":"https:\/\/obscom.intervozes.org.br\/index.php?rest_route=\/wp\/v2\/posts\/25674"}],"collection":[{"href":"https:\/\/obscom.intervozes.org.br\/index.php?rest_route=\/wp\/v2\/posts"}],"about":[{"href":"https:\/\/obscom.intervozes.org.br\/index.php?rest_route=\/wp\/v2\/types\/post"}],"author":[{"embeddable":true,"href":"https:\/\/obscom.intervozes.org.br\/index.php?rest_route=\/wp\/v2\/users\/1"}],"replies":[{"embeddable":true,"href":"https:\/\/obscom.intervozes.org.br\/index.php?rest_route=%2Fwp%2Fv2%2Fcomments&post=25674"}],"version-history":[{"count":0,"href":"https:\/\/obscom.intervozes.org.br\/index.php?rest_route=\/wp\/v2\/posts\/25674\/revisions"}],"wp:attachment":[{"href":"https:\/\/obscom.intervozes.org.br\/index.php?rest_route=%2Fwp%2Fv2%2Fmedia&parent=25674"}],"wp:term":[{"taxonomy":"category","embeddable":true,"href":"https:\/\/obscom.intervozes.org.br\/index.php?rest_route=%2Fwp%2Fv2%2Fcategories&post=25674"},{"taxonomy":"post_tag","embeddable":true,"href":"https:\/\/obscom.intervozes.org.br\/index.php?rest_route=%2Fwp%2Fv2%2Ftags&post=25674"}],"curies":[{"name":"wp","href":"https:\/\/api.w.org\/{rel}","templated":true}]}}