{"id":25672,"date":"2011-06-06T14:43:22","date_gmt":"2011-06-06T14:43:22","guid":{"rendered":"https:\/\/obscom.intervozes.org.br\/wordpress\/?p=25672"},"modified":"2011-06-06T14:43:22","modified_gmt":"2011-06-06T14:43:22","slug":"minicom-publica-aviso-de-habilitacao-para-radio-comunitaria","status":"publish","type":"post","link":"https:\/\/obscom.intervozes.org.br\/?p=25672","title":{"rendered":"MiniCom publica aviso de habilita\u00e7\u00e3o para r\u00e1dio comunit\u00e1ria"},"content":{"rendered":"<p><strong><span class=\"padrao\">Reda&ccedil;&atilde;o &#8211; Teles&iacute;ntese<\/span><\/strong><\/p>\n<p>&nbsp;<\/p>\n<p><span class=\"padrao\">O Minist&eacute;rio das Comunica&ccedil;&otilde;es publicou nesta segunda-feira (6) novo aviso de habilita&ccedil;&atilde;o para inscri&ccedil;&atilde;o das entidades interessadas em executar o servi&ccedil;o de r&aacute;dio comunit&aacute;ria em 50 munic&iacute;pios brasileiros. Os interessados t&ecirc;m 45 de prazo para apresentar a documenta&ccedil;&atilde;o exigida.<\/span><\/p>\n<p>&nbsp;<\/p>\n<p><span class=\"padrao\">Este &eacute; o terceiro aviso de habilita&ccedil;&atilde;o e j&aacute; estava previsto no Plano Nacional de Outorgas (PNO) de R&aacute;dio Comunit&aacute;ria, lan&ccedil;ado em mar&ccedil;o deste ano. O primeiro aviso foi aberto no dia 6 de abril e contemplou 51 munic&iacute;pios. O segundo aviso de habilita&ccedil;&atilde;o de r&aacute;dios comunit&aacute;rias foi publicado em maio para 30 munic&iacute;pios do Rio Grande do Sul e 10 de S&atilde;o Paulo.<\/span><\/p>\n<p>&nbsp;<\/p>\n<p><span class=\"padrao\">Nesse terceiro aviso de habilita&ccedil;&atilde;o, est&atilde;o contemplados munic&iacute;pios de todas as regi&otilde;es, sendo cinco na regi&atilde;o Norte, 28 na Nordeste, um na Centro-Oeste, quatro na Sudeste e 12 na Sul. O PNO tem como objetivo levar pelo menos uma r&aacute;dio comunit&aacute;ria para cada munic&iacute;pio do Brasil. Com o lan&ccedil;amento do &uacute;ltimo aviso do ano, em novembro, o minist&eacute;rio pretende que o servi&ccedil;o chegue a 4.713 cidades, o que corresponde a 84,69% do pa&iacute;s.<\/span><\/p>\n<p>&nbsp;<\/p>\n<p><span class=\"padrao\"><a href=\"http:\/\/www.in.gov.br\/imprensa\/visualiza\/index.jsp?jornal=3&amp;pagina=108&amp;data=06\/06\/2011\" target=\"_blank\">Leia aqui<\/a> o aviso publicado no Di&aacute;rio Oficial da Uni&atilde;o.<\/span><\/p>\n","protected":false},"excerpt":{"rendered":"<p>Reda&ccedil;&atilde;o &#8211; Teles&iacute;ntese &nbsp; O Minist&eacute;rio das Comunica&ccedil;&otilde;es publicou nesta segunda-feira (6) novo aviso de habilita&ccedil;&atilde;o para inscri&ccedil;&atilde;o das entidades interessadas em executar o servi&ccedil;o de r&aacute;dio comunit&aacute;ria em 50 munic&iacute;pios brasileiros. Os interessados t&ecirc;m 45 de prazo para apresentar a documenta&ccedil;&atilde;o exigida. &nbsp; Este &eacute; o terceiro aviso de habilita&ccedil;&atilde;o e j&aacute; estava previsto &hellip; <a href=\"https:\/\/obscom.intervozes.org.br\/?p=25672\" class=\"more-link\">Continue lendo <span class=\"screen-reader-text\">MiniCom publica aviso de habilita\u00e7\u00e3o para r\u00e1dio comunit\u00e1ria<\/span> <span class=\"meta-nav\">&rarr;<\/span><\/a><\/p>\n","protected":false},"author":1,"featured_media":0,"comment_status":"open","ping_status":"open","sticky":false,"template":"","format":"standard","meta":{"footnotes":""},"categories":[39],"tags":[],"_links":{"self":[{"href":"https:\/\/obscom.intervozes.org.br\/index.php?rest_route=\/wp\/v2\/posts\/25672"}],"collection":[{"href":"https:\/\/obscom.intervozes.org.br\/index.php?rest_route=\/wp\/v2\/posts"}],"about":[{"href":"https:\/\/obscom.intervozes.org.br\/index.php?rest_route=\/wp\/v2\/types\/post"}],"author":[{"embeddable":true,"href":"https:\/\/obscom.intervozes.org.br\/index.php?rest_route=\/wp\/v2\/users\/1"}],"replies":[{"embeddable":true,"href":"https:\/\/obscom.intervozes.org.br\/index.php?rest_route=%2Fwp%2Fv2%2Fcomments&post=25672"}],"version-history":[{"count":0,"href":"https:\/\/obscom.intervozes.org.br\/index.php?rest_route=\/wp\/v2\/posts\/25672\/revisions"}],"wp:attachment":[{"href":"https:\/\/obscom.intervozes.org.br\/index.php?rest_route=%2Fwp%2Fv2%2Fmedia&parent=25672"}],"wp:term":[{"taxonomy":"category","embeddable":true,"href":"https:\/\/obscom.intervozes.org.br\/index.php?rest_route=%2Fwp%2Fv2%2Fcategories&post=25672"},{"taxonomy":"post_tag","embeddable":true,"href":"https:\/\/obscom.intervozes.org.br\/index.php?rest_route=%2Fwp%2Fv2%2Ftags&post=25672"}],"curies":[{"name":"wp","href":"https:\/\/api.w.org\/{rel}","templated":true}]}}