{"id":25669,"date":"2011-06-03T17:07:47","date_gmt":"2011-06-03T17:07:47","guid":{"rendered":"https:\/\/obscom.intervozes.org.br\/wordpress\/?p=25669"},"modified":"2014-09-07T03:01:57","modified_gmt":"2014-09-07T03:01:57","slug":"pesquisadora-aponta-relacao-entre-coronelismo-midiatico-e-agronegocio","status":"publish","type":"post","link":"https:\/\/obscom.intervozes.org.br\/?p=25669","title":{"rendered":"Pesquisadora aponta rela\u00e7\u00e3o entre coronelismo midi\u00e1tico e agroneg\u00f3cio"},"content":{"rendered":"<p><span class=\"padrao\">Dois temas emergiram na agenda nacional nos &uacute;ltimos dias: a lista de pol&iacute;ticos sob posse de outorgas de radiodifus&atilde;o e os embates agr&aacute;rios permeados pelo novo C&oacute;digo Florestal e assassinatos de ambientalistas no Par&aacute;. Tratados de forma separada pelo notici&aacute;rio tradicional, ambos apresentam rela&ccedil;&atilde;o direta segundo a pesquisadora da P&oacute;s Gradua&ccedil;&atilde;o da Escola de Comunica&ccedil;&atilde;o da UFRJ, Suzy dos Santos.<\/p>\n<p>Ela cita a rela&ccedil;&atilde;o com a quest&atilde;o agr&aacute;ria como um dos caminhos para compreender como o coronelismo midi&aacute;tico se comporta e suas rela&ccedil;&otilde;es com o poder federal: &quot;Essa similaridade n&atilde;o &eacute; coincid&ecirc;ncia. Se for olhar os bens declarados dos pol&iacute;ticos donos de outorgas, ver&aacute; que uma parcela expressiva tamb&eacute;m tem neg&oacute;cios rurais&quot;.<\/p>\n<p>O modo autorit&aacute;rio de exercer o poder dos radiodifusores e do agroneg&oacute;cio &eacute; exaltado por Santos: &quot;H&aacute; um link mais complexo na quest&atilde;o do coronelismo que &eacute; esse do mandonismo, da hist&oacute;rica forma&ccedil;&atilde;o de guardas privadas e da atua&ccedil;&atilde;o de grupos olig&aacute;rquicos como poder supremo no interior do pa&iacute;s&quot;.<\/p>\n<p>Um caso representativo para a avalia&ccedil;&atilde;o de Suzy &eacute; o senador Eun&iacute;cio de Oliveira (PMDB-CE). Ex-ministro das Comunica&ccedil;&otilde;es e ex-presidente da Comiss&atilde;o de Ci&ecirc;ncia, Tecnologia, Comunica&ccedil;&atilde;o e Inform&aacute;tica (CCTCI) da C&acirc;mara, Eun&iacute;cio &eacute; radiodifusor em Corumb&aacute;, no estado de Goi&aacute;s, onde declarou ter a maioria dos seus 81 im&oacute;veis rurais conforme indica o projeto Excel&ecirc;ncias da Ong Transpar&ecirc;ncia Brasil.<\/p>\n<p><strong>Coronelismo e democracia<\/strong><\/p>\n<p>A pertin&ecirc;ncia do termo &quot;coronelismo midi&aacute;tico&quot; &eacute; defendida por Suzy a partir de uma avalia&ccedil;&atilde;o hist&oacute;rica: &quot;Se formos pensar em coronelismo como um sistema pol&iacute;tico, tal qual definido no campo da hist&oacute;ria nacional, &eacute; sistema caracter&iacute;stico de per&iacute;odos de transi&ccedil;&atilde;o. O coronelismo &#39;tradicional&#39; teve for&ccedil;a na transi&ccedil;&atilde;o para a rep&uacute;blica e esse que chamamos de &#39;eletr&ocirc;nico&#39; na transi&ccedil;&atilde;o para a democracia.&quot;<\/p>\n<p>O exemplo mais costumeiro para ilustrar este fen&ocirc;meno na redemocratiza&ccedil;&atilde;o esta entre 15 de mar&ccedil;o de 1985 a 05 de outubro de 1988, quando o ent&atilde;o presidente Jos&eacute; Sarney e o ent&atilde;o Ministro das Comunica&ccedil;&otilde;es Ant&ocirc;nio Carlos Magalh&atilde;es distribu&iacute;ram 91 outorgas de radiodifus&atilde;o diretamente a deputados e senadores constituintes. Dos 559 constituintes, 146 parlamentares, ou 26,1% do total, eram controladores de empresas prestadoras desse tipo de servi&ccedil;o.<\/p>\n<p>A partir destas refer&ecirc;ncias Suzy descreve a constru&ccedil;&atilde;o do modelo do neg&oacute;cio da comunica&ccedil;&atilde;o brasileira com base na rela&ccedil;&atilde;o de intimidade entre donos de meios e poder pol&iacute;tico, em especial numa rela&ccedil;&atilde;o de clientelismo com alto grau de reciprocidade. Para ela os emergentes religiosos costumam dar continuidade a tais pr&aacute;ticas e cita como exemplo a rede Record: &quot;Eles usaram a mesma estrat&eacute;gia da Rede Globo na pol&iacute;tica, e pior, os afiliados deles n&atilde;o traem de jeito nenhum&quot;.<\/p>\n<p>Al&eacute;m dos neopentecostais, Suzy cita novas estrat&eacute;gias de perpetua&ccedil;&atilde;o do fen&ocirc;meno como as dos meios comerciais do eixo Rio-S&atilde;o Paulo nos quais os pol&iacute;ticos associados votam nos seus interesses e atuam como uma bancada coesa.<\/p>\n<p>A vitalidade dos radiodifusores nos dias atuais tamb&eacute;m &eacute; explicada pela imbrica&ccedil;&atilde;o dos pap&eacute;is de patr&atilde;o e cliente no atual est&aacute;gio do capitalismo: &quot;A entrada do capital internacional e a pulveriza&ccedil;&atilde;o das formas de produ&ccedil;&atilde;o e distribui&ccedil;&atilde;o de conte&uacute;do d&atilde;o um novo rumo a esse modelo&quot;.<\/p>\n<p><strong>Crise<\/strong><\/p>\n<p>As oligarquias que configuraram o sistema coronelista na m&iacute;dia est&atilde;o cada dia mais fr&aacute;geis, segundo Suzy. Ela enxerga uma crise do setor a partir de dois condicionantes: a democratiza&ccedil;&atilde;o do pa&iacute;s e a dissemina&ccedil;&atilde;o de tecnologias comunicacionais: &quot;Est&aacute; muito mais dif&iacute;cil controlar a informa&ccedil;&atilde;o. H&aacute; 20 anos matavam os jornalistas, matavam os inimigos, serravam o corpo e jogavam na frente da TV. Hoje ainda morre muita gente no Brasil, mas &eacute; mais vis&iacute;vel a manipula&ccedil;&atilde;o da informa&ccedil;&atilde;o&quot;, sentencia a pesquisadora.<\/p>\n<p>Suzy diz ser percept&iacute;vel o crescente desconforto da sociedade com a &quot;excresc&ecirc;ncia&quot; do sistema de comunica&ccedil;&otilde;es nacional, entretanto, coloca panos quentes sob qualquer mudan&ccedil;a veloz: &quot;Acho que ainda demora e depende muito da conscientiza&ccedil;&atilde;o social&quot;.<\/span><\/p>\n<p>&nbsp;Leia Mais:<\/p>\n<p>&nbsp;<\/p>\n<p><a href=\"http:\/\/localhost\/intervozes_direitoacomunicacao\/wordpress\/?p=25655\">Nas concess&otilde;es, Executivo e Legislativo Federal n&atilde;o cumprem a Constitui&ccedil;&atilde;o <\/a><\/p>\n<p>&nbsp;<\/p>\n<p><a href=\"http:\/\/localhost\/intervozes_direitoacomunicacao\/wordpress\/?p=25668\">Lista do Minicom reativa corrida para identificar pol&iacute;ticos com outorgas <\/a> <\/p>\n","protected":false},"excerpt":{"rendered":"<p>Para a pesquisadora da UFRJ Suzy dos Santos o modelo midi&aacute;tico passa por crise, mas tem mecanismos de perpetua&ccedil;&atilde;o.<\/p>\n","protected":false},"author":1,"featured_media":0,"comment_status":"open","ping_status":"open","sticky":false,"template":"","format":"standard","meta":{"footnotes":""},"categories":[40],"tags":[106],"_links":{"self":[{"href":"https:\/\/obscom.intervozes.org.br\/index.php?rest_route=\/wp\/v2\/posts\/25669"}],"collection":[{"href":"https:\/\/obscom.intervozes.org.br\/index.php?rest_route=\/wp\/v2\/posts"}],"about":[{"href":"https:\/\/obscom.intervozes.org.br\/index.php?rest_route=\/wp\/v2\/types\/post"}],"author":[{"embeddable":true,"href":"https:\/\/obscom.intervozes.org.br\/index.php?rest_route=\/wp\/v2\/users\/1"}],"replies":[{"embeddable":true,"href":"https:\/\/obscom.intervozes.org.br\/index.php?rest_route=%2Fwp%2Fv2%2Fcomments&post=25669"}],"version-history":[{"count":2,"href":"https:\/\/obscom.intervozes.org.br\/index.php?rest_route=\/wp\/v2\/posts\/25669\/revisions"}],"predecessor-version":[{"id":28252,"href":"https:\/\/obscom.intervozes.org.br\/index.php?rest_route=\/wp\/v2\/posts\/25669\/revisions\/28252"}],"wp:attachment":[{"href":"https:\/\/obscom.intervozes.org.br\/index.php?rest_route=%2Fwp%2Fv2%2Fmedia&parent=25669"}],"wp:term":[{"taxonomy":"category","embeddable":true,"href":"https:\/\/obscom.intervozes.org.br\/index.php?rest_route=%2Fwp%2Fv2%2Fcategories&post=25669"},{"taxonomy":"post_tag","embeddable":true,"href":"https:\/\/obscom.intervozes.org.br\/index.php?rest_route=%2Fwp%2Fv2%2Ftags&post=25669"}],"curies":[{"name":"wp","href":"https:\/\/api.w.org\/{rel}","templated":true}]}}