{"id":25667,"date":"2011-06-02T17:49:47","date_gmt":"2011-06-02T17:49:47","guid":{"rendered":"https:\/\/obscom.intervozes.org.br\/wordpress\/?p=25667"},"modified":"2011-06-02T17:49:47","modified_gmt":"2011-06-02T17:49:47","slug":"deputados-e-sociedade-do-rio-de-janeiro-debatem-o-marco-regulatorio-das-comunicacoes","status":"publish","type":"post","link":"https:\/\/obscom.intervozes.org.br\/?p=25667","title":{"rendered":"Deputados e sociedade do Rio de Janeiro debatem o marco regulat\u00f3rio das comunica\u00e7\u00f5es"},"content":{"rendered":"<p><span class=\"padrao\">Militantes dos movimentos sociais se reuniram no &uacute;ltimo dia 01, para debater o novo marco regulat&oacute;rio para as comunica&ccedil;&otilde;es. O encontro aconteceu numa audi&ecirc;ncia p&uacute;blica realizada na Assembleia Legislativa do Rio de Janeiro (Alerj), convocada pelo deputado estadual Robson Leite (PT).<\/p>\n<p>Para o parlamentar, debater a regula&ccedil;&atilde;o para as comunica&ccedil;&otilde;es n&atilde;o tem nada a haver com censura propagada pela grande m&iacute;dia. &ldquo;Definir o marco legal &eacute; garantir a liberdade. N&atilde;o h&aacute; liberdade quando &eacute; o grande capital que determina o que tem que ser debatido nos ve&iacute;culos de radiodifus&atilde;o&rdquo;, afirmou o petista.<\/p>\n<p>Ainda segundo Robson Leite, a nova regula&ccedil;&atilde;o deve impedir que pol&iacute;ticos possuam concess&atilde;o, al&eacute;m de acabar com a pol&iacute;tica de persegui&ccedil;&atilde;o &agrave;s r&aacute;dios comunit&aacute;rias, que fazem um trabalho leg&iacute;timo para democratizar a comunica&ccedil;&atilde;o no Brasil.<\/p>\n<p>A mesa da audi&ecirc;ncia era composta ainda pela deputada estadual In&ecirc;s Pandel&oacute;, tamb&eacute;m do PT, e por Gustavo Gindre, do Intervozes&nbsp; &#8211; Coletivo Brasil de Comunica&ccedil;&atilde;o. Para Gindre, o pa&iacute;s tem um grande desafio neste momento para modificar leis que pouco evolu&iacute;ram em 50 anos, ficando com essa agenda bem atrasada em rela&ccedil;&atilde;o a outros pa&iacute;ses da Am&eacute;rica Latina.<\/p>\n<p>&ldquo;O desafio &eacute; grande. Ou a gente encara esse fato agora e revisa a agenda das comunica&ccedil;&otilde;es ou nunca vamos viver num pa&iacute;s democr&aacute;tico. N&atilde;o existe democracia sem uma comunica&ccedil;&atilde;o democr&aacute;tica&rdquo;, alertou o representante do Intervozes.<\/p>\n<p><strong>Conselho de comunica&ccedil;&atilde;o<\/strong><\/p>\n<p>Outro ponto tocado durante a audi&ecirc;ncia foi a defesa do projeto de Lei 3323\/10, de autoria do deputado estadual Paulo Ramos (PDT), apresentado em dezembro do ano passado e que cria o Conselho Estadual de Comunica&ccedil;&atilde;o Social do Estado do Rio de Janeiro (CECS-RJ).<\/p>\n<p>Para Cl&aacute;udia Abreu, integrante dos Comunicativistas, &eacute; preciso fortalecer a ideia de um conselho deliberativo, plural, transparente e independente do executivo. &ldquo;Esse &oacute;rg&atilde;o tem a fun&ccedil;&atilde;o de ajudar a cumprir a legisla&ccedil;&atilde;o e n&atilde;o pode servir como um bra&ccedil;o do executivo. O conselho precisa ter independ&ecirc;ncia para garantir o controle social, que &eacute; a participa&ccedil;&atilde;o democr&aacute;tica na constru&ccedil;&atilde;o de pol&iacute;ticas p&uacute;blica para as comunica&ccedil;&otilde;es&rdquo;, defendeu a militante.<\/p>\n<p><strong>Comunica&ccedil;&atilde;o e Cultura<\/strong><\/p>\n<p>O fortalecimento do di&aacute;logo entre a comunica&ccedil;&atilde;o e a cultura tamb&eacute;m foi defendido durante o evento. De acordo com Oona Castro, diretora executiva do Instituto Overmundo e tamb&eacute;m integrante do Intervozes, &eacute; preciso construir pol&iacute;ticas para al&eacute;m da infraestrutura. &ldquo;N&atilde;o basta criar uma apenas uma infraestrutura democr&aacute;tica para as comunica&ccedil;&otilde;es. Temos que pensar tamb&eacute;m na produ&ccedil;&atilde;o de um conte&uacute;do democr&aacute;tico para ser difundido, e o di&aacute;logo com o movimento da cultura &eacute; fundamental para a comunica&ccedil;&atilde;o que queremos construir no pa&iacute;s&rdquo;, afirmou Oona.<\/p>\n<p>Segundo Berenice Mendes, do F&oacute;rum Nacional pela Democratiza&ccedil;&atilde;o da Comunica&ccedil;&atilde;o (FNDC), o Brasil &eacute; um dos maiores consumidores de filme, mas pouca &eacute; a produ&ccedil;&atilde;o nacional veiculada nas TVs e cinemas e quase nenhuma &eacute; independente. &ldquo;N&atilde;o d&aacute; para se contentar com o pouco espa&ccedil;o reservado na televis&atilde;o para as produ&ccedil;&otilde;es nacionais de cinema&rdquo;, refor&ccedil;ou a representante do FNDC.<\/p>\n<p><strong>Outras a&ccedil;&otilde;es no legislativo<\/strong><\/p>\n<p>Para o m&ecirc;s de junho est&aacute; marcado ainda o lan&ccedil;amento da Frente Parlamentar pela Liberdade de Express&atilde;o e Democratiza&ccedil;&atilde;o da Comunica&ccedil;&atilde;o e da Cultura com Participa&ccedil;&atilde;o Popular que ocorrer&aacute; no dia 15, tamb&eacute;m na Alerj. O Projeto de Resolu&ccedil;&atilde;o n&ordm; 134\/2011, que cria a frente, &eacute; de autoria dos deputados estaduais: In&ecirc;s Pandel&oacute;, Robson Leite, Andr&eacute; Ceciliano, Nilton Salom&atilde;o, Gilberto Palmares e Zaqueu Teixeira, todos do PT.<\/p>\n<p>Durante a audi&ecirc;ncia, Robson Leite adiantou ainda que vai articular junto a outros parlamentares e entidades dos movimentos sociais a constru&ccedil;&atilde;o de um semin&aacute;rio estadual para continuar o debate sobre o marco regulat&oacute;rio. <\/span><\/p>\n<p>&nbsp;<\/p>\n","protected":false},"excerpt":{"rendered":"<p>Encontro na Assembleia Legislativa carioca abordou em temas como opress&atilde;o &agrave; r&aacute;dios comunit&aacute;rias e concess&otilde;es para pol&iacute;ticos<\/p>\n","protected":false},"author":1,"featured_media":0,"comment_status":"open","ping_status":"open","sticky":false,"template":"","format":"standard","meta":{"footnotes":""},"categories":[40],"tags":[323],"_links":{"self":[{"href":"https:\/\/obscom.intervozes.org.br\/index.php?rest_route=\/wp\/v2\/posts\/25667"}],"collection":[{"href":"https:\/\/obscom.intervozes.org.br\/index.php?rest_route=\/wp\/v2\/posts"}],"about":[{"href":"https:\/\/obscom.intervozes.org.br\/index.php?rest_route=\/wp\/v2\/types\/post"}],"author":[{"embeddable":true,"href":"https:\/\/obscom.intervozes.org.br\/index.php?rest_route=\/wp\/v2\/users\/1"}],"replies":[{"embeddable":true,"href":"https:\/\/obscom.intervozes.org.br\/index.php?rest_route=%2Fwp%2Fv2%2Fcomments&post=25667"}],"version-history":[{"count":0,"href":"https:\/\/obscom.intervozes.org.br\/index.php?rest_route=\/wp\/v2\/posts\/25667\/revisions"}],"wp:attachment":[{"href":"https:\/\/obscom.intervozes.org.br\/index.php?rest_route=%2Fwp%2Fv2%2Fmedia&parent=25667"}],"wp:term":[{"taxonomy":"category","embeddable":true,"href":"https:\/\/obscom.intervozes.org.br\/index.php?rest_route=%2Fwp%2Fv2%2Fcategories&post=25667"},{"taxonomy":"post_tag","embeddable":true,"href":"https:\/\/obscom.intervozes.org.br\/index.php?rest_route=%2Fwp%2Fv2%2Ftags&post=25667"}],"curies":[{"name":"wp","href":"https:\/\/api.w.org\/{rel}","templated":true}]}}