{"id":25663,"date":"2011-06-02T15:59:06","date_gmt":"2011-06-02T15:59:06","guid":{"rendered":"https:\/\/obscom.intervozes.org.br\/wordpress\/?p=25663"},"modified":"2011-06-02T15:59:06","modified_gmt":"2011-06-02T15:59:06","slug":"plc-1162010-tera-audiencia-conjunta-em-comissoes-do-senado-dia-21-de-junho","status":"publish","type":"post","link":"https:\/\/obscom.intervozes.org.br\/?p=25663","title":{"rendered":"PLC 116\/2010 ter\u00e1 audi\u00eancia conjunta em comiss\u00f5es do Senado dia 21 de junho"},"content":{"rendered":"<p><strong><span class=\"padrao\">Samuel Possebon &#8211; Tela Viva News<\/span><\/strong><\/p>\n<p>&nbsp;<\/p>\n<p><span class=\"padrao\">O senador Eduardo Braga (PMDB\/AM), presidente da Comiss&atilde;o de Ci&ecirc;ncia, Tecnologia, Comunica&ccedil;&atilde;o e Inova&ccedil;&atilde;o do Senado, anunciou durante a abertura do Painel Telebrasil, que acontece esta semana em Bras&iacute;lia, que foi finalmente marcada para o dia 21 de junho a audi&ecirc;ncia conjunta das v&aacute;rias comiss&otilde;es do Senado que analisar&atilde;o o PLC 116\/2010, projeto que cria novas regras para o mercado de TV por assinatura. Segundo o senador, esse &eacute; um projeto fundamental para a amplia&ccedil;&atilde;o da infraestrutura de telecomunica&ccedil;&otilde;es, sobretudo de suporte &agrave; banda larga.<\/p>\n<p>Segundo o senador, a expectativa &eacute; que os diferentes setores possam ser ouvidos na audi&ecirc;ncia. Para parlamentares familiarizados com a tramita&ccedil;&atilde;o do projeto, contudo, a grande dificuldade da audi&ecirc;ncia conjunta ser&aacute; conciliar os interesses de todos os setores que querem se manifestar. Observadores do Congresso acreditam que dependendo do tom das manifesta&ccedil;&otilde;es dos diferentes setores &eacute; que ser&aacute; dado o ritmo do encaminhamento do projeto. <\/span><\/p>\n<p>&nbsp;<\/p>\n","protected":false},"excerpt":{"rendered":"<p>Samuel Possebon &#8211; Tela Viva News &nbsp; O senador Eduardo Braga (PMDB\/AM), presidente da Comiss&atilde;o de Ci&ecirc;ncia, Tecnologia, Comunica&ccedil;&atilde;o e Inova&ccedil;&atilde;o do Senado, anunciou durante a abertura do Painel Telebrasil, que acontece esta semana em Bras&iacute;lia, que foi finalmente marcada para o dia 21 de junho a audi&ecirc;ncia conjunta das v&aacute;rias comiss&otilde;es do Senado que &hellip; <a href=\"https:\/\/obscom.intervozes.org.br\/?p=25663\" class=\"more-link\">Continue lendo <span class=\"screen-reader-text\">PLC 116\/2010 ter\u00e1 audi\u00eancia conjunta em comiss\u00f5es do Senado dia 21 de junho<\/span> <span class=\"meta-nav\">&rarr;<\/span><\/a><\/p>\n","protected":false},"author":1,"featured_media":0,"comment_status":"open","ping_status":"open","sticky":false,"template":"","format":"standard","meta":{"footnotes":""},"categories":[39],"tags":[],"_links":{"self":[{"href":"https:\/\/obscom.intervozes.org.br\/index.php?rest_route=\/wp\/v2\/posts\/25663"}],"collection":[{"href":"https:\/\/obscom.intervozes.org.br\/index.php?rest_route=\/wp\/v2\/posts"}],"about":[{"href":"https:\/\/obscom.intervozes.org.br\/index.php?rest_route=\/wp\/v2\/types\/post"}],"author":[{"embeddable":true,"href":"https:\/\/obscom.intervozes.org.br\/index.php?rest_route=\/wp\/v2\/users\/1"}],"replies":[{"embeddable":true,"href":"https:\/\/obscom.intervozes.org.br\/index.php?rest_route=%2Fwp%2Fv2%2Fcomments&post=25663"}],"version-history":[{"count":0,"href":"https:\/\/obscom.intervozes.org.br\/index.php?rest_route=\/wp\/v2\/posts\/25663\/revisions"}],"wp:attachment":[{"href":"https:\/\/obscom.intervozes.org.br\/index.php?rest_route=%2Fwp%2Fv2%2Fmedia&parent=25663"}],"wp:term":[{"taxonomy":"category","embeddable":true,"href":"https:\/\/obscom.intervozes.org.br\/index.php?rest_route=%2Fwp%2Fv2%2Fcategories&post=25663"},{"taxonomy":"post_tag","embeddable":true,"href":"https:\/\/obscom.intervozes.org.br\/index.php?rest_route=%2Fwp%2Fv2%2Ftags&post=25663"}],"curies":[{"name":"wp","href":"https:\/\/api.w.org\/{rel}","templated":true}]}}