{"id":25661,"date":"2011-06-02T15:29:46","date_gmt":"2011-06-02T15:29:46","guid":{"rendered":"https:\/\/obscom.intervozes.org.br\/wordpress\/?p=25661"},"modified":"2011-06-02T15:29:46","modified_gmt":"2011-06-02T15:29:46","slug":"plano-nacional-de-banda-larga-vai-chegar-primeiro-para-municipios-de-goias-e-regioes-do-df","status":"publish","type":"post","link":"https:\/\/obscom.intervozes.org.br\/?p=25661","title":{"rendered":"Plano Nacional de Banda Larga vai chegar primeiro para munic\u00edpios de Goi\u00e1s e regi\u00f5es do DF"},"content":{"rendered":"<p><span class=\"padrao\"><strong>Sabrina Craide &#8211; Ag&ecirc;ncia Brasil<\/strong><\/p>\n<p>Samambaia e Recanto das Emas, no Distrito Federal, e Santo Ant&ocirc;nio do Descoberto, An&aacute;polis, Senador Canedo e Aparecida de Goi&acirc;nia, no estado de Goi&aacute;s, ser&atilde;o as primeiras regi&otilde;es conectadas por meio do Plano Nacional de Banda Larga (PNBL). O an&uacute;ncio foi feito hoje (31) pela Telebras. Segundo a empresa, a conex&atilde;o entre a rede principal e a sede dos munic&iacute;pios deve estar implantada at&eacute; o in&iacute;cio de julho.<\/p>\n<p>A Telebras dever&aacute; concluir, at&eacute; a metade de junho, a constru&ccedil;&atilde;o do primeiro trecho da rede nacional de telecomunica&ccedil;&otilde;es (backbone), no anel Sudeste, que vai ligar Bras&iacute;lia a Itumbiara (GO). Os 377 quil&ocirc;metros de rede de fibras &oacute;pticas tamb&eacute;m passar&atilde;o por Samambaia (DF) e os munic&iacute;pios goianos de Pirineus, Bandeirantes e Morrinhos.<\/p>\n<p>Nestes locais est&atilde;o sendo implantados os primeiros Pontos de Presen&ccedil;a (POPs) da Telebras que v&atilde;o abrigar os equipamentos &oacute;pticos, de infraestrutura, de rede e r&aacute;dio para transmiss&atilde;o do sinal digital por meio de fibras &oacute;pticas. As fibras usadas neste trecho s&atilde;o de propriedade de Furnas, empresa do setor el&eacute;trico brasileiro, e que firmou contrato cedendo sua utiliza&ccedil;&atilde;o para a Telebras.<\/p>\n<p>Tamb&eacute;m hoje, Minist&eacute;rio das Comunica&ccedil;&otilde;es anunciou a substitui&ccedil;&atilde;o do atual presidente da Telebras, Rog&eacute;rio Santanna, pelo diretor comercial da estatal, Caio Bonilha. A nomea&ccedil;&atilde;o ser&aacute; amanh&atilde; (1&ordm;), durante reuni&atilde;o do conselho de administra&ccedil;&atilde;o da Telebras.<\/span><\/p>\n","protected":false},"excerpt":{"rendered":"<p>Sabrina Craide &#8211; Ag&ecirc;ncia Brasil Samambaia e Recanto das Emas, no Distrito Federal, e Santo Ant&ocirc;nio do Descoberto, An&aacute;polis, Senador Canedo e Aparecida de Goi&acirc;nia, no estado de Goi&aacute;s, ser&atilde;o as primeiras regi&otilde;es conectadas por meio do Plano Nacional de Banda Larga (PNBL). O an&uacute;ncio foi feito hoje (31) pela Telebras. Segundo a empresa, a &hellip; <a href=\"https:\/\/obscom.intervozes.org.br\/?p=25661\" class=\"more-link\">Continue lendo <span class=\"screen-reader-text\">Plano Nacional de Banda Larga vai chegar primeiro para munic\u00edpios de Goi\u00e1s e regi\u00f5es do DF<\/span> <span class=\"meta-nav\">&rarr;<\/span><\/a><\/p>\n","protected":false},"author":1,"featured_media":0,"comment_status":"open","ping_status":"open","sticky":false,"template":"","format":"standard","meta":{"footnotes":""},"categories":[39],"tags":[],"_links":{"self":[{"href":"https:\/\/obscom.intervozes.org.br\/index.php?rest_route=\/wp\/v2\/posts\/25661"}],"collection":[{"href":"https:\/\/obscom.intervozes.org.br\/index.php?rest_route=\/wp\/v2\/posts"}],"about":[{"href":"https:\/\/obscom.intervozes.org.br\/index.php?rest_route=\/wp\/v2\/types\/post"}],"author":[{"embeddable":true,"href":"https:\/\/obscom.intervozes.org.br\/index.php?rest_route=\/wp\/v2\/users\/1"}],"replies":[{"embeddable":true,"href":"https:\/\/obscom.intervozes.org.br\/index.php?rest_route=%2Fwp%2Fv2%2Fcomments&post=25661"}],"version-history":[{"count":0,"href":"https:\/\/obscom.intervozes.org.br\/index.php?rest_route=\/wp\/v2\/posts\/25661\/revisions"}],"wp:attachment":[{"href":"https:\/\/obscom.intervozes.org.br\/index.php?rest_route=%2Fwp%2Fv2%2Fmedia&parent=25661"}],"wp:term":[{"taxonomy":"category","embeddable":true,"href":"https:\/\/obscom.intervozes.org.br\/index.php?rest_route=%2Fwp%2Fv2%2Fcategories&post=25661"},{"taxonomy":"post_tag","embeddable":true,"href":"https:\/\/obscom.intervozes.org.br\/index.php?rest_route=%2Fwp%2Fv2%2Ftags&post=25661"}],"curies":[{"name":"wp","href":"https:\/\/api.w.org\/{rel}","templated":true}]}}