{"id":25655,"date":"2011-06-01T16:11:24","date_gmt":"2011-06-01T16:11:24","guid":{"rendered":"https:\/\/obscom.intervozes.org.br\/wordpress\/?p=25655"},"modified":"2014-09-07T03:01:54","modified_gmt":"2014-09-07T03:01:54","slug":"nas-concessoes-executivo-e-legislativo-federal-nao-cumprem-a-constituicao","status":"publish","type":"post","link":"https:\/\/obscom.intervozes.org.br\/?p=25655","title":{"rendered":"Nas concess\u00f5es, Executivo e Legislativo Federal n\u00e3o cumprem a Constitui\u00e7\u00e3o"},"content":{"rendered":"<p class=\"padrao\">O Minst&eacute;rio das Comunica&ccedil;&otilde;es (MiniCom) publicou nesta segunda-feira, dia 30 de maio, lista com as outorgas de radiodifus&atilde;o e seus respectivos concession&aacute;rios. Atrav&eacute;s da iniciativa &eacute; poss&iacute;vel confirmar membros do Congresso Nacional que integram diretamente os quadros societ&aacute;rios das licen&ccedil;as. Tal entrela&ccedil;amento, entre senadores e deputados federais com concess&otilde;es de r&aacute;dio e tv, &eacute; inconstitucional, aponta incapacidade do Executivo e Legislativo Federal em cumprir suas obriga&ccedil;&otilde;es e deixa o Judici&aacute;rio como alternativa para normalizar o quadro.<\/p>\n<p class=\"padrao\">O associado do Intervozes &#8211; Coletivo Brasil de Comunica&ccedil;&atilde;o Social, Bra&uacute;lio Ara&uacute;jo, alega que onze preceitos constitucionais s&atilde;o afetados pela farra de concess&otilde;es sob posse de pol&iacute;ticos, entre os quais: elei&ccedil;&otilde;es livres, pluralismo pol&iacute;tico, probidade administrativa, liberdade de express&atilde;o e a liberdade de imprensa.<\/p>\n<p class=\"padrao\">Bra&uacute;lio Ara&uacute;jo, advogado, ressalta que, sob suporte da Constitui&ccedil;&atilde;o, as fun&ccedil;&otilde;es dos meios de comunica&ccedil;&atilde;o na democracia s&atilde;o: &quot;Controlar e fiscalizar o poder p&uacute;blico e a iniciativa privada e comunicar ao governo as demandas, expectativas e cobran&ccedil;as da sociedade civil&quot;.<\/p>\n<p class=\"padrao\">Entre os artigos da Carta Magna de 1988 ignorados pelo Congresso Nacional e Governo Federal est&atilde;o os 220 e 223, que se encontram no cap&iacute;tulo V, destinado a Comunica&ccedil;&atilde;o Social. Ara&uacute;jo destaca que a autonomia da imprensa perante o Estado protegida por esses artigos &eacute; incompat&iacute;vel com o controle dos ve&iacute;culos de radiodifus&atilde;o pelos que exercem o poder estatal.<\/p>\n<p class=\"padrao\">J&aacute; o artigo 54 da Constitui&ccedil;&atilde;o &eacute; mencionado em <a href=\"http:\/\/www.intervozes.org.br\/noticias\/intervozes-lanca-nota-contra-o-coronelismo-midiatico\" target=\"_blank\">carta do Intervozes<\/a>, publicada na ter&ccedil;a-feira, dia 31 de maio, pelo fato de proibir os parlamentares de firmar ou manter contrato com empresas concession&aacute;rias de servi&ccedil;o p&uacute;blico, e de ser propriet&aacute;rios, controladores, diretores, ou exercer qualquer cargo remunerado em tais empresas.<\/p>\n<p class=\"padrao\"><strong>Executivo<\/strong><\/p>\n<p class=\"padrao\">At&eacute; 2010 o Governo Federal n&atilde;o se pronunciava publicamente contr&aacute;rio a posse de outorgas por pol&iacute;ticos. A posi&ccedil;&atilde;o mudou j&aacute; o fim a mandato de Lula, quando coube ao ex-ministro Franklin Martins atirar a primeira &quot;pedra&quot;: &ldquo;Criou-se terra de ningu&eacute;m. Todos sabemos que deputados e senadores n&atilde;o podem ter televis&atilde;o, tem TV e usam de subterf&uacute;gios dos mais variados&rdquo;, declarou Martins.<\/p>\n<p class=\"padrao\">O atual Ministro das Comunica&ccedil;&otilde;es, Paulo Bernardo foi no mesmo tom ao assumir a miss&atilde;o de coordenar a revis&atilde;o do Marco Regulat&oacute;rio. Bernardo ainda caracterizou a ilegalidade no fato dos pol&iacute;ticos obterem vantagens eleitorais e declarou que &ldquo;&eacute; mais f&aacute;cil fazer o impeachment do presidente da Rep&uacute;blica do que impedir a renova&ccedil;&atilde;o de uma concess&atilde;o de r&aacute;dio ou TV&quot;. No caso da divula&ccedil;&atilde;o da lista, o ato do MiniCom resgatou a&ccedil;&atilde;o realizada em 2003, por&eacute;m recuada ap&oacute;s press&otilde;es de pol&iacute;ticos da base aliada.<\/p>\n<p class=\"padrao\">Bra&uacute;lio Ara&uacute;jo, ressalta a import&acirc;ncia da publica&ccedil;&atilde;o da lista e o reconhecimento das ilegalidade pelo Executivo, por&eacute;m n&atilde;o isenta o poder pela omiss&atilde;o: &quot;O Poder Executivo, como respons&aacute;vel pela outorga e pela fiscaliza&ccedil;&atilde;o da radiodifus&atilde;o, n&atilde;o deve apenas afirmar a inconstitucionalidade do controle de outorgas de radiodifus&atilde;o por pol&iacute;ticos; deve corrigir a situa&ccedil;&atilde;o tomando as medidas necess&aacute;rias para que os titulares de mandato eletivo deixem as empresas de radiodifus&atilde;o.&quot; Ara&uacute;jo afirma ainda que face &agrave; omiss&atilde;o do Poder Executivo, o Judici&aacute;rio pode ser acionado para sanar a situa&ccedil;&atilde;o.<\/p>\n<p class=\"padrao\"><strong>Legislativo<\/strong><\/p>\n<p class=\"padrao\">O Congresso tamb&eacute;m se movimentado para impedir a farra das concess&otilde;es. A Comiss&atilde;o de Constitui&ccedil;&atilde;o, Justi&ccedil;a e Cidadania do Senado Federal aprovou recomenda&ccedil;&atilde;o em abril de 2009 para rejeitar ato de outorga ou renova&ccedil;&atilde;o nas quais integrantes do Congresso estejam como diretores, propriet&aacute;rios ou controladores. J&aacute; a C&acirc;mara dos Deputados ainda em 2008 encaminhou atrav&eacute;s de uma subcomiss&atilde;o a interpreta&ccedil;&atilde;o de que o artigo 54 da Constitui&ccedil;&atilde;o &eacute; mal aplicado nas concess&otilde;es de radiodifus&atilde;o.<\/p>\n<p class=\"padrao\">Para amenizar a omiss&atilde;o, o Congresso tamb&eacute;m busca arremedos como a proposta de ato normativo que visa impedir senadores de relatar projetos de concess&atilde;o relacionados ao estado que representa. A proposta ser&aacute; avaliada nesta quarta-feira, dia 1 de junho, na Comiss&atilde;o de Ci&ecirc;ncia e Tecnologia da C&acirc;mara.<\/p>\n<p class=\"padrao\">Por&eacute;m ambos, C&acirc;mara e Senado, s&atilde;o responsabilizados pela carta do Intervozes por n&atilde;o aprovarem as recomenda&ccedil;&otilde;es das Comiss&otilde;es em plen&aacute;rio e continuarem a efetivar tais pr&aacute;ticas nefastas a democracia e o Estado de direito.<\/p>\n<p class=\"padrao\">&nbsp;<\/p>\n<p class=\"padrao\">Leia Mais:<\/p>\n<p class=\"padrao\">&nbsp;<\/p>\n<p class=\"padrao\"><a href=\"http:\/\/localhost\/intervozes_direitoacomunicacao\/wordpress\/?p=25668\">Lista do Minicom reativa corrida para identificar pol&iacute;ticos com outorgas <\/a><\/p>\n<p class=\"padrao\">&nbsp;<\/p>\n<p class=\"padrao\"><a href=\"http:\/\/localhost\/intervozes_direitoacomunicacao\/wordpress\/?p=25669\">Pesquisadora v&ecirc; rela&ccedil;&atilde;o entre coronelismo midi&aacute;tico e agroneg&oacute;cio&nbsp; <\/a> <\/p>\n","protected":false},"excerpt":{"rendered":"<p>Pol&iacute;ticos eleitos aparecem como propriet&aacute;rios de empresas de radiodifus&atilde;o, rela&ccedil;&atilde;o vetada pela artigo 54 da Constitui&ccedil;&atilde;o Brasileira. <\/p>\n","protected":false},"author":1,"featured_media":0,"comment_status":"open","ping_status":"open","sticky":false,"template":"","format":"standard","meta":{"footnotes":""},"categories":[40],"tags":[230],"_links":{"self":[{"href":"https:\/\/obscom.intervozes.org.br\/index.php?rest_route=\/wp\/v2\/posts\/25655"}],"collection":[{"href":"https:\/\/obscom.intervozes.org.br\/index.php?rest_route=\/wp\/v2\/posts"}],"about":[{"href":"https:\/\/obscom.intervozes.org.br\/index.php?rest_route=\/wp\/v2\/types\/post"}],"author":[{"embeddable":true,"href":"https:\/\/obscom.intervozes.org.br\/index.php?rest_route=\/wp\/v2\/users\/1"}],"replies":[{"embeddable":true,"href":"https:\/\/obscom.intervozes.org.br\/index.php?rest_route=%2Fwp%2Fv2%2Fcomments&post=25655"}],"version-history":[{"count":2,"href":"https:\/\/obscom.intervozes.org.br\/index.php?rest_route=\/wp\/v2\/posts\/25655\/revisions"}],"predecessor-version":[{"id":28248,"href":"https:\/\/obscom.intervozes.org.br\/index.php?rest_route=\/wp\/v2\/posts\/25655\/revisions\/28248"}],"wp:attachment":[{"href":"https:\/\/obscom.intervozes.org.br\/index.php?rest_route=%2Fwp%2Fv2%2Fmedia&parent=25655"}],"wp:term":[{"taxonomy":"category","embeddable":true,"href":"https:\/\/obscom.intervozes.org.br\/index.php?rest_route=%2Fwp%2Fv2%2Fcategories&post=25655"},{"taxonomy":"post_tag","embeddable":true,"href":"https:\/\/obscom.intervozes.org.br\/index.php?rest_route=%2Fwp%2Fv2%2Ftags&post=25655"}],"curies":[{"name":"wp","href":"https:\/\/api.w.org\/{rel}","templated":true}]}}