{"id":25652,"date":"2011-05-31T15:14:10","date_gmt":"2011-05-31T15:14:10","guid":{"rendered":"https:\/\/obscom.intervozes.org.br\/wordpress\/?p=25652"},"modified":"2011-05-31T15:14:10","modified_gmt":"2011-05-31T15:14:10","slug":"especialistas-avaliam-que-autorregulacao-de-jornais-proposta-pela-anj-e-inciativa-louvavel","status":"publish","type":"post","link":"https:\/\/obscom.intervozes.org.br\/?p=25652","title":{"rendered":"Especialistas avaliam que autorregula\u00e7\u00e3o de jornais proposta pela ANJ \u00e9 inciativa louv\u00e1vel"},"content":{"rendered":"<p><span class=\"padrao\">&nbsp;Pesquisadores e professores de comunica&ccedil;&atilde;o, ouvidos pela Ag&ecirc;ncia Brasil, consideram positiva a iniciativa da Associa&ccedil;&atilde;o Nacional dos Jornais (ANJ) de instituir um programa de autorregula&ccedil;&atilde;o para os jornais, anunciada ontem (26) pela entidade. Eles ponderam, no entanto, que a medida &eacute; insuficiente no sentido de garantir maior qualidade &agrave; informa&ccedil;&atilde;o.<\/p>\n<p>Para Rog&eacute;rio Christofoletti, professor de jornalismo da Universidade Federal de Santa Catarina (UFSC), a autorregula&ccedil;&atilde;o &eacute; &ldquo;positiva&rdquo;, mas n&atilde;o dispensa que outros setores como os pr&oacute;prios jornalistas, a academia e os movimentos sociais tamb&eacute;m &ldquo;apontem par&acirc;metros&rdquo; para a cobertura da imprensa.<\/p>\n<p>Na opini&atilde;o do professor, a resist&ecirc;ncia das empresas jornal&iacute;sticas a essa participa&ccedil;&atilde;o corresponde a uma &ldquo;vis&atilde;o obtusa&rdquo; do tipo de neg&oacute;cio e produto que fornecem &agrave; sociedade. &ldquo;Embora sejam empresas privadas, os servi&ccedil;os s&atilde;o de natureza p&uacute;blica, transcendem os muros das empresas jornal&iacute;sticas. [Os jornais] interferem na forma&ccedil;&atilde;o do imagin&aacute;rio e na percep&ccedil;&atilde;o da realidade&rdquo;, disse.<\/p>\n<p>Na avalia&ccedil;&atilde;o da professora M&aacute;rcia Marques, da Faculdade de Comunica&ccedil;&atilde;o da Universidade de Bras&iacute;lia (FAC\/UnB), a iniciativa da ANJ &eacute; &ldquo;louv&aacute;vel&rdquo; e &ldquo;quanto mais plural e com mais participa&ccedil;&atilde;o, melhor&rdquo;. Para ela, o gesto da associa&ccedil;&atilde;o &eacute; &ldquo;uma tentativa de resolver o vazio que se criou com o fim da exig&ecirc;ncia do diploma para a carreira de jornalista&rdquo;.<\/p>\n<p>A acad&ecirc;mica ressalta por&eacute;m, que, na proposta da ANJ, &ldquo;n&atilde;o &eacute; a sociedade que est&aacute; inserida no controle&rdquo;. Segundo ela, foi formado &ldquo;um embate ideol&oacute;gico&rdquo; em torno da discuss&atilde;o; e que, por causa da ditadura militar (1964-1985), sempre h&aacute; o &ldquo;medo&rdquo; de que qualquer forma de controle seja &ldquo;censura&rdquo;. Al&eacute;m disso, &ldquo;as empresas entendem que [controle social] seja uma interfer&ecirc;ncia em seu neg&oacute;cio:a liberdade de imprensa tida como a liberdade de imprimir&rdquo;.<\/p>\n<p>&ldquo;A autorregula&ccedil;&atilde;o &eacute; v&aacute;lida, contribui para os princ&iacute;pios deontol&oacute;gicos [&eacute;ticos] do jornalismo&rdquo;, elogia Fernando Oliveira Paulino, tamb&eacute;m professor da FAC\/UnB e ouvidor adjunto da Empresa Brasil de Comunica&ccedil;&atilde;o (EBC). Ele, todavia, destaca que &ldquo;resta a d&uacute;vida se os jornais v&atilde;o seguir ou n&atilde;o&rdquo;, diz antes de ressaltar que a ANJ, a Associa&ccedil;&atilde;o Brasileira de Emissoras de R&aacute;dio e Televis&atilde;o (Abert), e a Federa&ccedil;&atilde;o Nacional dos Jornalistas (Fenaj) seguem c&oacute;digos de &eacute;ticas diferentes.<\/p>\n<p>Paulino tamb&eacute;m lembra que na d&eacute;cada de 1970 a Organiza&ccedil;&atilde;o das Na&ccedil;&otilde;es Unidas para a Educa&ccedil;&atilde;o, Ci&ecirc;ncia e Cultura (Unesco) contabilizou que 70 pa&iacute;ses j&aacute; adotavam alguma forma de regulamenta&ccedil;&atilde;o (Relat&oacute;rio Mac Bright).<\/p>\n<p>No come&ccedil;o deste ano, a Unesco publicou no Brasil um estudo sobre a autorregula&ccedil;&atilde;o da m&iacute;dia e liberdade de express&atilde;o. Para o coordenador de Comunica&ccedil;&atilde;o e Informa&ccedil;&atilde;o da Unesco, Guilherme Canela Godoi, a autorregula&ccedil;&atilde;o proposta pela ANJ &eacute; &ldquo;salutar&rdquo; e &ldquo;adequada&rdquo;.<\/p>\n<p>Durante o governo Lula (2003-2010), as empresas de comunica&ccedil;&atilde;o tiveram v&aacute;rios embate com o governo por causa da possibilidade do governo em acolher propostas de &ldquo;controle social da m&iacute;dia&rdquo;. O &uacute;ltimo epis&oacute;dio foi no come&ccedil;o do ano passado por causa terceira edi&ccedil;&atilde;o do Programa Nacional de Direitos Humanos (PNDH 3), que acabou sendo modificado.<\/span><\/p>\n","protected":false},"excerpt":{"rendered":"<p>&nbsp;Pesquisadores e professores de comunica&ccedil;&atilde;o, ouvidos pela Ag&ecirc;ncia Brasil, consideram positiva a iniciativa da Associa&ccedil;&atilde;o Nacional dos Jornais (ANJ) de instituir um programa de autorregula&ccedil;&atilde;o para os jornais, anunciada ontem (26) pela entidade. Eles ponderam, no entanto, que a medida &eacute; insuficiente no sentido de garantir maior qualidade &agrave; informa&ccedil;&atilde;o. Para Rog&eacute;rio Christofoletti, professor de &hellip; <a href=\"https:\/\/obscom.intervozes.org.br\/?p=25652\" class=\"more-link\">Continue lendo <span class=\"screen-reader-text\">Especialistas avaliam que autorregula\u00e7\u00e3o de jornais proposta pela ANJ \u00e9 inciativa louv\u00e1vel<\/span> <span class=\"meta-nav\">&rarr;<\/span><\/a><\/p>\n","protected":false},"author":1,"featured_media":0,"comment_status":"open","ping_status":"open","sticky":false,"template":"","format":"standard","meta":{"footnotes":""},"categories":[40],"tags":[366],"_links":{"self":[{"href":"https:\/\/obscom.intervozes.org.br\/index.php?rest_route=\/wp\/v2\/posts\/25652"}],"collection":[{"href":"https:\/\/obscom.intervozes.org.br\/index.php?rest_route=\/wp\/v2\/posts"}],"about":[{"href":"https:\/\/obscom.intervozes.org.br\/index.php?rest_route=\/wp\/v2\/types\/post"}],"author":[{"embeddable":true,"href":"https:\/\/obscom.intervozes.org.br\/index.php?rest_route=\/wp\/v2\/users\/1"}],"replies":[{"embeddable":true,"href":"https:\/\/obscom.intervozes.org.br\/index.php?rest_route=%2Fwp%2Fv2%2Fcomments&post=25652"}],"version-history":[{"count":0,"href":"https:\/\/obscom.intervozes.org.br\/index.php?rest_route=\/wp\/v2\/posts\/25652\/revisions"}],"wp:attachment":[{"href":"https:\/\/obscom.intervozes.org.br\/index.php?rest_route=%2Fwp%2Fv2%2Fmedia&parent=25652"}],"wp:term":[{"taxonomy":"category","embeddable":true,"href":"https:\/\/obscom.intervozes.org.br\/index.php?rest_route=%2Fwp%2Fv2%2Fcategories&post=25652"},{"taxonomy":"post_tag","embeddable":true,"href":"https:\/\/obscom.intervozes.org.br\/index.php?rest_route=%2Fwp%2Fv2%2Ftags&post=25652"}],"curies":[{"name":"wp","href":"https:\/\/api.w.org\/{rel}","templated":true}]}}