{"id":25650,"date":"2011-05-30T16:52:07","date_gmt":"2011-05-30T16:52:07","guid":{"rendered":"https:\/\/obscom.intervozes.org.br\/wordpress\/?p=25650"},"modified":"2011-05-30T16:52:07","modified_gmt":"2011-05-30T16:52:07","slug":"ligacoes-entre-cidades-vizinhas-ficam-mais-baratas-para-68-milhoes-de-brasileiros","status":"publish","type":"post","link":"https:\/\/obscom.intervozes.org.br\/?p=25650","title":{"rendered":"Liga\u00e7\u00f5es entre cidades vizinhas ficam mais baratas para 68 milh\u00f5es de brasileiros"},"content":{"rendered":"<p><span class=\"padrao\">Cerca de 68 milh&otilde;es de moradores de 560 munic&iacute;pios brasileiros v&atilde;o pagar mais barato para falar por telefone fixo com munic&iacute;pios vizinhos a partir de hoje (28). Os usu&aacute;rios de 39 regi&otilde;es metropolitanas e de tr&ecirc;s regi&otilde;es integradas de desenvolvimento poder&atilde;o fazer chamadas para cidades que tenham continuidade geogr&aacute;fica e o mesmo c&oacute;digo de &aacute;rea nacional (DDD) ao custo de liga&ccedil;&atilde;o local.<\/p>\n<p>Os valores das liga&ccedil;&otilde;es entre fixos e m&oacute;veis n&atilde;o sofrer&atilde;o altera&ccedil;&otilde;es. A mudan&ccedil;a nas tarifas faz parte da revis&atilde;o do regulamento sobre &aacute;reas locais para o Servi&ccedil;o Telef&ocirc;nico Fixo Comutado (STFC), promovida pela Ag&ecirc;ncia Nacional de Telecomunica&ccedil;&otilde;es (Anatel).<\/p>\n<p>As regi&otilde;es metropolitanas contempladas no regulamento s&atilde;o: Porto Alegre (RS), Curitiba (PR), Londrina (PR), Maring&aacute; (PR), Baixada Santista (SP), Campinas (SP), Belo Horizonte (MG), Vale do A&ccedil;o (MG), Rio de Janeiro (RJ), Grande Vit&oacute;ria (ES), Goi&acirc;nia (GO), Vale do Rio Cuiab&aacute; (MT), Salvador (BA), Aracaju (SE), Macei&oacute; (AL), Agreste (AL), Campina Grande (PB), Jo&atilde;o Pessoa (PB), Recife (PE), Natal (RN), Cariri (CE), Fortaleza (CE), Sudoeste Maranhense (MA), Bel&eacute;m (PA), Macap&aacute; (AP), Manaus (AM), Capital (RR), Central (RR), Sul do Estado (RR), Florian&oacute;polis (SC), Chapec&oacute; (SC), Vale do Itaja&iacute; (SC), Norte\/Nordeste Catarinense (SC), Lages (SC), Carbon&iacute;fera (SC) e Tubar&atilde;o (SC).<\/p>\n<p>Nas regi&otilde;es metropolitanas de Foz do Rio Itaja&iacute; (SC), S&atilde;o Paulo e a Grande S&atilde;o Lu&iacute;s (MA), todos os munic&iacute;pios j&aacute; s&atilde;o considerados como &aacute;rea local. Tamb&eacute;m ser&atilde;o inclu&iacute;das na mudan&ccedil;a as &aacute;reas de desenvolvimento integrado que incluem o Distrito Federal e as cidades do Entorno (DF\/GO\/MG), o polo de Petrolina e Juazeiro (PE\/BA) e a Grande Teresina (PI).<\/p>\n<p>A lista de todas as localidades contempladas com a mudan&ccedil;a pode ser acessada na <a href=\"http:\/\/www.anatel.gov.br\" target=\"_blank\">p&aacute;gina da Anatel<\/a>  na internet.<\/span><\/p>\n","protected":false},"excerpt":{"rendered":"<p>Cerca de 68 milh&otilde;es de moradores de 560 munic&iacute;pios brasileiros v&atilde;o pagar mais barato para falar por telefone fixo com munic&iacute;pios vizinhos a partir de hoje (28). Os usu&aacute;rios de 39 regi&otilde;es metropolitanas e de tr&ecirc;s regi&otilde;es integradas de desenvolvimento poder&atilde;o fazer chamadas para cidades que tenham continuidade geogr&aacute;fica e o mesmo c&oacute;digo de &aacute;rea &hellip; <a href=\"https:\/\/obscom.intervozes.org.br\/?p=25650\" class=\"more-link\">Continue lendo <span class=\"screen-reader-text\">Liga\u00e7\u00f5es entre cidades vizinhas ficam mais baratas para 68 milh\u00f5es de brasileiros<\/span> <span class=\"meta-nav\">&rarr;<\/span><\/a><\/p>\n","protected":false},"author":1,"featured_media":0,"comment_status":"open","ping_status":"open","sticky":false,"template":"","format":"standard","meta":{"footnotes":""},"categories":[40],"tags":[645],"_links":{"self":[{"href":"https:\/\/obscom.intervozes.org.br\/index.php?rest_route=\/wp\/v2\/posts\/25650"}],"collection":[{"href":"https:\/\/obscom.intervozes.org.br\/index.php?rest_route=\/wp\/v2\/posts"}],"about":[{"href":"https:\/\/obscom.intervozes.org.br\/index.php?rest_route=\/wp\/v2\/types\/post"}],"author":[{"embeddable":true,"href":"https:\/\/obscom.intervozes.org.br\/index.php?rest_route=\/wp\/v2\/users\/1"}],"replies":[{"embeddable":true,"href":"https:\/\/obscom.intervozes.org.br\/index.php?rest_route=%2Fwp%2Fv2%2Fcomments&post=25650"}],"version-history":[{"count":0,"href":"https:\/\/obscom.intervozes.org.br\/index.php?rest_route=\/wp\/v2\/posts\/25650\/revisions"}],"wp:attachment":[{"href":"https:\/\/obscom.intervozes.org.br\/index.php?rest_route=%2Fwp%2Fv2%2Fmedia&parent=25650"}],"wp:term":[{"taxonomy":"category","embeddable":true,"href":"https:\/\/obscom.intervozes.org.br\/index.php?rest_route=%2Fwp%2Fv2%2Fcategories&post=25650"},{"taxonomy":"post_tag","embeddable":true,"href":"https:\/\/obscom.intervozes.org.br\/index.php?rest_route=%2Fwp%2Fv2%2Ftags&post=25650"}],"curies":[{"name":"wp","href":"https:\/\/api.w.org\/{rel}","templated":true}]}}