{"id":25646,"date":"2011-05-30T15:41:29","date_gmt":"2011-05-30T15:41:29","guid":{"rendered":"https:\/\/obscom.intervozes.org.br\/wordpress\/?p=25646"},"modified":"2011-05-30T15:41:29","modified_gmt":"2011-05-30T15:41:29","slug":"tvs-temem-interferencia-das-operacoes-de-banda-larga-em-35-ghz-na-recepcao-das-parabolicas","status":"publish","type":"post","link":"https:\/\/obscom.intervozes.org.br\/?p=25646","title":{"rendered":"TVs temem interfer\u00eancia das opera\u00e7\u00f5es de banda larga em 3,5 GHz na recep\u00e7\u00e3o das parab\u00f3licas"},"content":{"rendered":"<p><span class=\"padrao\"><strong>Samuel Possebon &#8211; Tele Time News<\/strong><\/p>\n<p>Radiodifusores j&aacute; procuraram a Anatel nos &uacute;ltimos dias preocupados com poss&iacute;veis consequ&ecirc;ncias de uma expans&atilde;o do uso da faixa de 3,5 GHz, caso o leil&atilde;o da faixa tenha sucesso. Isso porque eles temem interfer&ecirc;ncias na recep&ccedil;&atilde;o dos sinais da banda C do sat&eacute;lite.<\/p>\n<p>&Eacute; este sinal que abastece as mais de 15 milh&otilde;es de parab&oacute;licas residenciais existentes no Brasil e tamb&eacute;m &eacute; utilizado para a distribui&ccedil;&atilde;o dos sinais &agrave;s afiliadas. O problema j&aacute; havia sido colocado para a Anatel em 2009, quando o edital de 3,5 GHz ainda era discutido.<\/p>\n<p>Na &eacute;poca, havia uma diverg&ecirc;ncia entre os t&eacute;cnicos da ag&ecirc;ncia sobre a facilidade de se contornar o problema de interfer&ecirc;ncia com o uso de filtros. O tema deve voltar nas manifesta&ccedil;&otilde;es das entidades representativas das emissoras na consulta p&uacute;blica do edital.<\/p>\n<p>A tend&ecirc;ncia &eacute; que a Anatel exija, no edital, que as operadoras que operem na faixa de 3,5 GHz adotem filtros para evitar o problema. A consulta vai at&eacute; meados de junho.<\/span><\/p>\n","protected":false},"excerpt":{"rendered":"<p>Samuel Possebon &#8211; Tele Time News Radiodifusores j&aacute; procuraram a Anatel nos &uacute;ltimos dias preocupados com poss&iacute;veis consequ&ecirc;ncias de uma expans&atilde;o do uso da faixa de 3,5 GHz, caso o leil&atilde;o da faixa tenha sucesso. Isso porque eles temem interfer&ecirc;ncias na recep&ccedil;&atilde;o dos sinais da banda C do sat&eacute;lite. &Eacute; este sinal que abastece as &hellip; <a href=\"https:\/\/obscom.intervozes.org.br\/?p=25646\" class=\"more-link\">Continue lendo <span class=\"screen-reader-text\">TVs temem interfer\u00eancia das opera\u00e7\u00f5es de banda larga em 3,5 GHz na recep\u00e7\u00e3o das parab\u00f3licas<\/span> <span class=\"meta-nav\">&rarr;<\/span><\/a><\/p>\n","protected":false},"author":1,"featured_media":0,"comment_status":"open","ping_status":"open","sticky":false,"template":"","format":"standard","meta":{"footnotes":""},"categories":[39],"tags":[],"_links":{"self":[{"href":"https:\/\/obscom.intervozes.org.br\/index.php?rest_route=\/wp\/v2\/posts\/25646"}],"collection":[{"href":"https:\/\/obscom.intervozes.org.br\/index.php?rest_route=\/wp\/v2\/posts"}],"about":[{"href":"https:\/\/obscom.intervozes.org.br\/index.php?rest_route=\/wp\/v2\/types\/post"}],"author":[{"embeddable":true,"href":"https:\/\/obscom.intervozes.org.br\/index.php?rest_route=\/wp\/v2\/users\/1"}],"replies":[{"embeddable":true,"href":"https:\/\/obscom.intervozes.org.br\/index.php?rest_route=%2Fwp%2Fv2%2Fcomments&post=25646"}],"version-history":[{"count":0,"href":"https:\/\/obscom.intervozes.org.br\/index.php?rest_route=\/wp\/v2\/posts\/25646\/revisions"}],"wp:attachment":[{"href":"https:\/\/obscom.intervozes.org.br\/index.php?rest_route=%2Fwp%2Fv2%2Fmedia&parent=25646"}],"wp:term":[{"taxonomy":"category","embeddable":true,"href":"https:\/\/obscom.intervozes.org.br\/index.php?rest_route=%2Fwp%2Fv2%2Fcategories&post=25646"},{"taxonomy":"post_tag","embeddable":true,"href":"https:\/\/obscom.intervozes.org.br\/index.php?rest_route=%2Fwp%2Fv2%2Ftags&post=25646"}],"curies":[{"name":"wp","href":"https:\/\/api.w.org\/{rel}","templated":true}]}}