{"id":25645,"date":"2011-05-30T15:38:41","date_gmt":"2011-05-30T15:38:41","guid":{"rendered":"https:\/\/obscom.intervozes.org.br\/wordpress\/?p=25645"},"modified":"2011-05-30T15:38:41","modified_gmt":"2011-05-30T15:38:41","slug":"minicom-abre-informacoes-sobre-outorgas-da-radiodifusao","status":"publish","type":"post","link":"https:\/\/obscom.intervozes.org.br\/?p=25645","title":{"rendered":"Minicom abre informa\u00e7\u00f5es sobre outorgas da radiodifus\u00e3o"},"content":{"rendered":"<p><strong>Rdda&ccedil;&atilde;o &#8211; Teles&iacute;ntese<\/strong><\/p>\n<p>A Secretaria de Comunica&ccedil;&atilde;o Eletr&ocirc;nica do Minist&eacute;rio das Comunica&ccedil;&otilde;es colocou na internet,nesta segunda-feira (30), todos os dados referentes &agrave; outorga de radiodifus&atilde;o no pa&iacute;s. A partir de hoje, a popula&ccedil;&atilde;o poder&aacute; consultar o cadastro de r&aacute;dios e TVs, comerciais, educativas e comunit&aacute;rias, e verificar a composi&ccedil;&atilde;o acion&aacute;ria de cada uma, por estado ou munic&iacute;pio.<\/p>\n<p>De acordo com as informa&ccedil;&otilde;es, h&aacute; hoje no Brasil 9.912 emissoras licenciadas para executar servi&ccedil;os de radiodifus&atilde;o entre comerciais e educativas.Das comerciais, s&atilde;o 1.484 r&aacute;dios FM; 66 operando em ondas curtas; 1.582 em ondas m&eacute;dias; 6.186 Retransmissoras de TV; 270 geradoras de TV e 21 outorgas de TV digital. Das educativas, s&atilde;o 156 r&aacute;dios e 71 TVs, somando 230 emissoras educativas no pa&iacute;s.<\/p>\n<p>Deputados e senadores s&atilde;o s&oacute;cios ou t&ecirc;m parentes no controle de 56 emissoras. Parlamentares do PMDB lideram a lista com 12 concess&otilde;es, seguido pelos do DEM, que det&ecirc;m 11.<\/p>\n<p>Segundo o ministro das Comunica&ccedil;&otilde;es, Paulo Bernardo, o governo tinha compromisso com as comiss&otilde;es de Ci&ecirc;ncia, Tecnologia e Telecomunica&ccedil;&otilde;es da C&acirc;mara e do Senado para que se desse conhecimento aos dados de outorgas da radiodifus&atilde;o. &ldquo;Com esta divulga&ccedil;&atilde;o ampla&rdquo;, destacou Bernardo, &ldquo;avan&ccedil;amos na transpar&ecirc;ncia e acreditamos que a sociedade poder&aacute; nos ajudar na fiscaliza&ccedil;&atilde;o do setor&rdquo;.<\/p>\n<p><a href=\"http:\/\/www.mc.gov.br\/radiodifusao\/dados-de-outorga\" target=\"_blank\">Acesse aqui<\/a>  os dados sobre as outorgas.<\/p>\n","protected":false},"excerpt":{"rendered":"<p>Rdda&ccedil;&atilde;o &#8211; Teles&iacute;ntese A Secretaria de Comunica&ccedil;&atilde;o Eletr&ocirc;nica do Minist&eacute;rio das Comunica&ccedil;&otilde;es colocou na internet,nesta segunda-feira (30), todos os dados referentes &agrave; outorga de radiodifus&atilde;o no pa&iacute;s. A partir de hoje, a popula&ccedil;&atilde;o poder&aacute; consultar o cadastro de r&aacute;dios e TVs, comerciais, educativas e comunit&aacute;rias, e verificar a composi&ccedil;&atilde;o acion&aacute;ria de cada uma, por estado &hellip; <a href=\"https:\/\/obscom.intervozes.org.br\/?p=25645\" class=\"more-link\">Continue lendo <span class=\"screen-reader-text\">Minicom abre informa\u00e7\u00f5es sobre outorgas da radiodifus\u00e3o<\/span> <span class=\"meta-nav\">&rarr;<\/span><\/a><\/p>\n","protected":false},"author":1,"featured_media":0,"comment_status":"open","ping_status":"open","sticky":false,"template":"","format":"standard","meta":{"footnotes":""},"categories":[39],"tags":[],"_links":{"self":[{"href":"https:\/\/obscom.intervozes.org.br\/index.php?rest_route=\/wp\/v2\/posts\/25645"}],"collection":[{"href":"https:\/\/obscom.intervozes.org.br\/index.php?rest_route=\/wp\/v2\/posts"}],"about":[{"href":"https:\/\/obscom.intervozes.org.br\/index.php?rest_route=\/wp\/v2\/types\/post"}],"author":[{"embeddable":true,"href":"https:\/\/obscom.intervozes.org.br\/index.php?rest_route=\/wp\/v2\/users\/1"}],"replies":[{"embeddable":true,"href":"https:\/\/obscom.intervozes.org.br\/index.php?rest_route=%2Fwp%2Fv2%2Fcomments&post=25645"}],"version-history":[{"count":0,"href":"https:\/\/obscom.intervozes.org.br\/index.php?rest_route=\/wp\/v2\/posts\/25645\/revisions"}],"wp:attachment":[{"href":"https:\/\/obscom.intervozes.org.br\/index.php?rest_route=%2Fwp%2Fv2%2Fmedia&parent=25645"}],"wp:term":[{"taxonomy":"category","embeddable":true,"href":"https:\/\/obscom.intervozes.org.br\/index.php?rest_route=%2Fwp%2Fv2%2Fcategories&post=25645"},{"taxonomy":"post_tag","embeddable":true,"href":"https:\/\/obscom.intervozes.org.br\/index.php?rest_route=%2Fwp%2Fv2%2Ftags&post=25645"}],"curies":[{"name":"wp","href":"https:\/\/api.w.org\/{rel}","templated":true}]}}