{"id":25644,"date":"2011-05-30T12:12:53","date_gmt":"2011-05-30T12:12:53","guid":{"rendered":"https:\/\/obscom.intervozes.org.br\/wordpress\/?p=25644"},"modified":"2011-05-30T12:12:53","modified_gmt":"2011-05-30T12:12:53","slug":"cct-analisara-ato-que-proibe-senadores-de-relatar-concessoes-de-radio-e-tv-de-seus-estados","status":"publish","type":"post","link":"https:\/\/obscom.intervozes.org.br\/?p=25644","title":{"rendered":"CCT analisar\u00e1 ato que pro\u00edbe senadores de relatar concess\u00f5es de r\u00e1dio e TV de seus estados"},"content":{"rendered":"\n<p style=\"margin-bottom: 0cm\"><span class=\"padrao\">A Comiss&atilde;o de Ci&ecirc;ncia, Tecnologia, Inova&ccedil;&atilde;o, Comunica&ccedil;&atilde;o e Inform&aacute;tica (CCT) analisa, na pr&oacute;xima quarta-feira (1&ordm;), uma pauta com 25 itens, entre eles a Proposta de Ato Normativo n&ordm; 1, apresentado pelo presidente da comiss&atilde;o, senador Eduardo Braga (PMDB-AM). O ato visa impedir que, para a relatoria de Projetos de Decreto Legislativo (PDS) de outorga e renova&ccedil;&atilde;o de concess&atilde;o, permiss&atilde;o e autoriza&ccedil;&atilde;o para o funcionamento de emissoras de r&aacute;dio e televis&atilde;o, seja indicado um senador eleito pela mesma unidade da federa&ccedil;&atilde;o na qual a emissora prestar&aacute; o servi&ccedil;o.<\/p>\n<p>O relator, senador Pedro Taques (PDT-MT), afirma, em seu voto favor&aacute;vel, que o constituinte, ao atribuir ao Congresso Nacional a fiscaliza&ccedil;&atilde;o dos atos do Poder Executivo relativos ao funcionamento de emissoras de r&aacute;dio e televis&atilde;o, &quot;buscou coibir o uso pol&iacute;tico da delega&ccedil;&atilde;o da presta&ccedil;&atilde;o desses servi&ccedil;os e assegurar a democratiza&ccedil;&atilde;o desse processo&quot;.<\/p>\n<p><\/span> <\/p>\n<p style=\"margin-bottom: 0cm\"><span class=\"padrao\">Para ele, a proposta do presidente da CCT &quot;coaduna-se com essa preocupa&ccedil;&atilde;o, ao afastar a possibilidade de ocorr&ecirc;ncia de qualquer suspeita de direcionamento ou interesse pol&iacute;tico no decorrer do exame desses atos&quot;.<\/p>\n<p><\/span> <\/p>\n<p style=\"margin-bottom: 0cm\"><span class=\"padrao\">O relator lembrou que atos normativos n&atilde;o est&atilde;o previstos no Regimento Interno do Senado, mas &quot;experi&ecirc;ncias anteriores de comiss&otilde;es como a de Infraestrutura (CI), a de Constitui&ccedil;&atilde;o, Justi&ccedil;a e Cidadania (CCJ), e a de Rela&ccedil;&otilde;es Exteriores e Defesa Nacional (CRE) comprovam que os atos regulamentares t&ecirc;m simplificado os trabalhos legislativos ao definir regras mais detalhadas e transparentes&quot;. Ele considerou louv&aacute;vel a iniciativa de Eduardo Braga.<\/p>\n<p><\/span> <\/p>\n<p style=\"margin-bottom: 0cm\"><span class=\"padrao\">Dos 25 itens da pauta, 23 s&atilde;o PDSs relativos ao funcionamento de emissoras de r&aacute;dio e televis&atilde;o. Esses pedidos j&aacute; ser&atilde;o avaliados na perspectiva das novas normas referentes a concess&otilde;es de r&aacute;dio e televis&atilde;o. Algumas dessas novas normas precisar&atilde;o ser ainda regulamentadas, mas outras j&aacute; s&atilde;o aplic&aacute;veis, como a exig&ecirc;ncia de estudos pr&eacute;vios, a serem realizados pelo Minist&eacute;rio das Comunica&ccedil;&otilde;es, sobre a viabilidade t&eacute;cnica e econ&ocirc;mica da explora&ccedil;&atilde;o comercial da concess&atilde;o; percentuais m&iacute;nimos da programa&ccedil;&atilde;o destinados a programas jornal&iacute;sticos, educativos e culturais; e a capacidade financeira dos concession&aacute;rios.<\/p>\n<p><\/span> <\/p>\n<p style=\"margin-bottom: 0cm\" class=\"padrao\">Constam da pauta tr&ecirc;s PDSs sobre funcionamento de televis&atilde;o em Barbacena (MG), Londrina (PR) e Manaus (AM); nove para funcionamento de r&aacute;dios comunit&aacute;rias em Marcos Parente (PI), Agudo de Goi&aacute;s (GO), Luzi&acirc;nia (GO), Coroaci (MG), Seritinga (MG), Monte Alegre de Minas (MG), Capit&atilde;o Gerv&aacute;sio Oliveira (PI), Lago Verde (MA) e Betim (MG); seis para funcionamento de r&aacute;dios em frequ&ecirc;ncia modulada Goian&eacute;sia (GO), Goi&acirc;nia (GO), Gramado (RS), S&atilde;o Jos&eacute; do Egito (PE), Belo Jardim (PE) e Parna&iacute;ba (PI); e cinco para funcionamento de r&aacute;dios em ondas m&eacute;dias em Auriflama (SP), Est&acirc;ncia (SE), Campos dos Goytacazes (RJ), Coit&eacute; (BA) e Sum&eacute; (PB).<\/p>\n<p>Ainda na pauta da CCT est&aacute; o relat&oacute;rio do senador Eun&iacute;cio Oliveira (PMDB-CE) pela prejudicialidade do Projeto de Lei do Senado 291\/2008, apresentado pelo ex-senador Expedito J&uacute;nior. A proposta permite a propaganda eleitoral na internet. O relator argumenta que o projeto, embora merit&oacute;rio, buscava suprir uma lacuna legal j&aacute; resolvida pela Lei 12.034\/09.<\/p>\n","protected":false},"excerpt":{"rendered":"<p>A Comiss&atilde;o de Ci&ecirc;ncia, Tecnologia, Inova&ccedil;&atilde;o, Comunica&ccedil;&atilde;o e Inform&aacute;tica (CCT) analisa, na pr&oacute;xima quarta-feira (1&ordm;), uma pauta com 25 itens, entre eles a Proposta de Ato Normativo n&ordm; 1, apresentado pelo presidente da comiss&atilde;o, senador Eduardo Braga (PMDB-AM). O ato visa impedir que, para a relatoria de Projetos de Decreto Legislativo (PDS) de outorga e &hellip; <a href=\"https:\/\/obscom.intervozes.org.br\/?p=25644\" class=\"more-link\">Continue lendo <span class=\"screen-reader-text\">CCT analisar\u00e1 ato que pro\u00edbe senadores de relatar concess\u00f5es de r\u00e1dio e TV de seus estados<\/span> <span class=\"meta-nav\">&rarr;<\/span><\/a><\/p>\n","protected":false},"author":1,"featured_media":0,"comment_status":"open","ping_status":"open","sticky":false,"template":"","format":"standard","meta":{"footnotes":""},"categories":[40],"tags":[106],"_links":{"self":[{"href":"https:\/\/obscom.intervozes.org.br\/index.php?rest_route=\/wp\/v2\/posts\/25644"}],"collection":[{"href":"https:\/\/obscom.intervozes.org.br\/index.php?rest_route=\/wp\/v2\/posts"}],"about":[{"href":"https:\/\/obscom.intervozes.org.br\/index.php?rest_route=\/wp\/v2\/types\/post"}],"author":[{"embeddable":true,"href":"https:\/\/obscom.intervozes.org.br\/index.php?rest_route=\/wp\/v2\/users\/1"}],"replies":[{"embeddable":true,"href":"https:\/\/obscom.intervozes.org.br\/index.php?rest_route=%2Fwp%2Fv2%2Fcomments&post=25644"}],"version-history":[{"count":0,"href":"https:\/\/obscom.intervozes.org.br\/index.php?rest_route=\/wp\/v2\/posts\/25644\/revisions"}],"wp:attachment":[{"href":"https:\/\/obscom.intervozes.org.br\/index.php?rest_route=%2Fwp%2Fv2%2Fmedia&parent=25644"}],"wp:term":[{"taxonomy":"category","embeddable":true,"href":"https:\/\/obscom.intervozes.org.br\/index.php?rest_route=%2Fwp%2Fv2%2Fcategories&post=25644"},{"taxonomy":"post_tag","embeddable":true,"href":"https:\/\/obscom.intervozes.org.br\/index.php?rest_route=%2Fwp%2Fv2%2Ftags&post=25644"}],"curies":[{"name":"wp","href":"https:\/\/api.w.org\/{rel}","templated":true}]}}