{"id":25642,"date":"2011-05-27T16:07:31","date_gmt":"2011-05-27T16:07:31","guid":{"rendered":"https:\/\/obscom.intervozes.org.br\/wordpress\/?p=25642"},"modified":"2011-05-27T16:07:31","modified_gmt":"2011-05-27T16:07:31","slug":"mudanca-na-tv-a-cabo-pode-conectar-mais-44-milhoes-a-banda-larga","status":"publish","type":"post","link":"https:\/\/obscom.intervozes.org.br\/?p=25642","title":{"rendered":"Mudan\u00e7a na TV a cabo pode conectar mais 4,4 milh\u00f5es \u00e0 banda larga"},"content":{"rendered":"<p><span class=\"padrao\">A mudan&ccedil;a das regras no mercado de TV a cabo, como o fim do limite de munic&iacute;pios que podem ter acesso ao servi&ccedil;o e a fixa&ccedil;&atilde;o do pre&ccedil;o das outorgas em R$ 9 mil, alavancar&aacute; o mercado de banda larga em, pelo menos, 4,4 milh&otilde;es de clientes, al&eacute;m de proporcionar uma receita adicional de R$ 4,8 bilh&otilde;es para o setor.<\/span><span class=\"padrao\"><\/p>\n<p>Esses n&uacute;meros representam um incremento de cerca de 32% sobre os 13,8 milh&otilde;es de clientes e de 26% em rela&ccedil;&atilde;o ao faturamento de R$ 18,3 bilh&otilde;es do setor de banda larga fixa em 2010.<\/span><span class=\"padrao\"><\/p>\n<p>Os dados fazem parte de pesquisa in&eacute;dita elaborada pelos economistas Alexandre L. Henriksen, Carlos Manoel Baigorri e Thiago Cardoso H. Botelho, que s&atilde;o servidores da Ag&ecirc;ncia Nacional de Telecomunica&ccedil;&otilde;es (Anatel) e pesquisadores da Universidade de Bras&iacute;lia (UnB) e da Universidade Cat&oacute;lica de Bras&iacute;lia. Segundo Henriksen, o estudo foi feito diante da necessidade de se ter n&uacute;meros sobre o impacto das mudan&ccedil;as no mercado.<\/span><span class=\"padrao\"><\/p>\n<p>O aumento mais significativo ocorrer&aacute; em S&atilde;o Paulo, onde a previs&atilde;o &eacute; de que pelo menos 1,67 milh&atilde;o de consumidores passem a ter acesso aos servi&ccedil;os de banda larga a partir de novas outorgas de TV a cabo. Na segunda posi&ccedil;&atilde;o, aparece o Rio de Janeiro (601,69 mil novos acessos), seguido de Minas Gerais (374,58 mil), Paran&aacute; (328,93 mil) e Rio Grande do Sul (303,57 mil).<\/span><span class=\"padrao\"><\/p>\n<p>Arrecada&ccedil;&atilde;o. Nesse cen&aacute;rio, o aumento da arrecada&ccedil;&atilde;o do governo federal ser&aacute; de R$ 176 milh&otilde;es e dos governos estaduais de R$ 1,2 bilh&atilde;o. Ao comparar a &quot;receita extra&quot; de R$ 4,8 bilh&otilde;es das empresas com a inclus&atilde;o de novos consumidores, o valor &eacute; mais de 12 vezes superior aos R$ 390 milh&otilde;es arrecadados pela Anatel com todas as licita&ccedil;&otilde;es de outorgas j&aacute; realizadas.<\/span><span class=\"padrao\"><\/p>\n<p>Isso, segundo Henriksen, comprova que o pre&ccedil;o de R$ 9 mil por outorga &eacute; vi&aacute;vel. Os pesquisadores estimam que os resultados ser&atilde;o alcan&ccedil;ados em at&eacute; tr&ecirc;s anos depois da implementa&ccedil;&atilde;o no mercado das mudan&ccedil;as, que est&atilde;o em fase final na Anatel.<\/span><span class=\"padrao\"><\/p>\n<p>Atualmente, apenas 262 dos 5.564 munic&iacute;pios brasileiros t&ecirc;m servi&ccedil;os de TV a cabo. Essa situa&ccedil;&atilde;o, na vis&atilde;o dos pesquisadores, &eacute; decorrente da legisla&ccedil;&atilde;o vigente at&eacute; 2010, sobretudo do planejamento elaborado pelo Minist&eacute;rio das Comunica&ccedil;&otilde;es, que estabelecia um limite para o n&uacute;mero de prestadoras em cada munic&iacute;pio e o n&uacute;mero de cidades atendidas pelo servi&ccedil;o, bem como estabelecia um processo de licita&ccedil;&atilde;o para a venda de outorgas.<\/span><span class=\"padrao\"><\/p>\n<p>Em dezembro, a Ag&ecirc;ncia Nacional de Telecomunica&ccedil;&otilde;es (Anatel) aprovou o novo planejamento do setor com o fim dessas limita&ccedil;&otilde;es. O novo regulamento, &uacute;ltima amarra para a implementa&ccedil;&atilde;o dessas mudan&ccedil;as estava na pauta do conselho diretor da ag&ecirc;ncia ontem, mas a aprova&ccedil;&atilde;o foi adiada por pedido de vista. A previs&atilde;o &eacute; que as novas outorgas com esse novo modelo ocorram a partir de setembro.<\/span><span class=\"padrao\"><\/p>\n<p><strong>For&ccedil;a<\/strong><\/p>\n<p>Apesar do crescimento acelerado do acesso &agrave; banda larga nos &uacute;ltimos anos, apenas 23,8% dos domic&iacute;lios brasileiros s&atilde;o atendidos pelo servi&ccedil;o, conforme a Pesquisa Nacional por Amostra de Domic&iacute;lios (Pnad) do Instituto Brasileiro de Geografia e Estat&iacute;stica (IBGE) de 2008.<\/span><span class=\"padrao\"><\/p>\n<p>A pesquisa dos servidores da Anatel mostra que a penetra&ccedil;&atilde;o da banda larga aumenta sobremaneira quando h&aacute; infraestrutura de TV a cabo. Dados da ag&ecirc;ncia mostram que onde n&atilde;o h&aacute; outorgas de TV a cabo, o acesso &agrave; banda larga nos munic&iacute;pios &eacute; de 18,6%, porcentual que sobe para 48,3% onde o servi&ccedil;o &eacute; prestado.<\/span><span class=\"padrao\"><\/p>\n<p>Como esse diagn&oacute;stico foi feito, sobretudo, nos grandes centros, onde atuam v&aacute;rias empresas de TV a cabo, os pesquisadores colocaram uma lupa nos mercados onde ainda n&atilde;o h&aacute; oferta e constataram que a presen&ccedil;a de apenas uma empresa de TV a cabo aumentaria em 35% a base de clientes de banda larga.<\/span><span class=\"padrao\"><\/p>\n<p>&quot;Os munic&iacute;pios que t&ecirc;m TV a cabo s&atilde;o os de maior renda. Em um munic&iacute;pio de m&eacute;dio porte, constatamos que uma empresa de TV a cabo aumenta o acesso &agrave; banda larga em 35%, pois essa empresa concorre com a concession&aacute;ria de telefonia fixa. E a banda larga hoje &eacute; o servi&ccedil;o mais importante&quot;, ressaltou Henriksen. Assim, se determinado munic&iacute;pio tem 20% de penetra&ccedil;&atilde;o do servi&ccedil;o de banda larga, a entrada de uma empresa de cabo elevaria esse porcentual para 27%, num primeiro momento.<\/span><span class=\"padrao\"><\/p>\n<p>PONTOS-CHAVE<\/span><\/p>\n<p><strong>Mais sat&eacute;lite<\/strong><span class=\"padrao\"><br \/>Em abril, o n&uacute;mero de clientes de TV por assinatura via sat&eacute;lite (DTH) ultrapassou, pela primeira vez, o de TV a cabo. A participa&ccedil;&atilde;o do DTH atingiu 49,2% dos consumidores, comparada a 48,1% do cabo<\/span><span class=\"padrao\"><\/p>\n<p><strong>Licen&ccedil;as<\/strong><\/span><span class=\"padrao\"><br \/>Presidida por Ronaldo Sardenberg (foto), a Ag&ecirc;ncia Nacional de Telecomunica&ccedil;&otilde;es (Anatel) deve retomar a oferta de licen&ccedil;as de TV a cabo. H&aacute; 11 anos a ag&ecirc;ncia n&atilde;o coloca licen&ccedil;as &agrave; venda <\/span><\/p>\n<p>&nbsp;<\/p>\n","protected":false},"excerpt":{"rendered":"<p>A mudan&ccedil;a das regras no mercado de TV a cabo, como o fim do limite de munic&iacute;pios que podem ter acesso ao servi&ccedil;o e a fixa&ccedil;&atilde;o do pre&ccedil;o das outorgas em R$ 9 mil, alavancar&aacute; o mercado de banda larga em, pelo menos, 4,4 milh&otilde;es de clientes, al&eacute;m de proporcionar uma receita adicional de R$ &hellip; <a href=\"https:\/\/obscom.intervozes.org.br\/?p=25642\" class=\"more-link\">Continue lendo <span class=\"screen-reader-text\">Mudan\u00e7a na TV a cabo pode conectar mais 4,4 milh\u00f5es \u00e0 banda larga<\/span> <span class=\"meta-nav\">&rarr;<\/span><\/a><\/p>\n","protected":false},"author":1,"featured_media":0,"comment_status":"open","ping_status":"open","sticky":false,"template":"","format":"standard","meta":{"footnotes":""},"categories":[40],"tags":[1123],"_links":{"self":[{"href":"https:\/\/obscom.intervozes.org.br\/index.php?rest_route=\/wp\/v2\/posts\/25642"}],"collection":[{"href":"https:\/\/obscom.intervozes.org.br\/index.php?rest_route=\/wp\/v2\/posts"}],"about":[{"href":"https:\/\/obscom.intervozes.org.br\/index.php?rest_route=\/wp\/v2\/types\/post"}],"author":[{"embeddable":true,"href":"https:\/\/obscom.intervozes.org.br\/index.php?rest_route=\/wp\/v2\/users\/1"}],"replies":[{"embeddable":true,"href":"https:\/\/obscom.intervozes.org.br\/index.php?rest_route=%2Fwp%2Fv2%2Fcomments&post=25642"}],"version-history":[{"count":0,"href":"https:\/\/obscom.intervozes.org.br\/index.php?rest_route=\/wp\/v2\/posts\/25642\/revisions"}],"wp:attachment":[{"href":"https:\/\/obscom.intervozes.org.br\/index.php?rest_route=%2Fwp%2Fv2%2Fmedia&parent=25642"}],"wp:term":[{"taxonomy":"category","embeddable":true,"href":"https:\/\/obscom.intervozes.org.br\/index.php?rest_route=%2Fwp%2Fv2%2Fcategories&post=25642"},{"taxonomy":"post_tag","embeddable":true,"href":"https:\/\/obscom.intervozes.org.br\/index.php?rest_route=%2Fwp%2Fv2%2Ftags&post=25642"}],"curies":[{"name":"wp","href":"https:\/\/api.w.org\/{rel}","templated":true}]}}