{"id":25634,"date":"2011-05-25T17:01:31","date_gmt":"2011-05-25T17:01:31","guid":{"rendered":"https:\/\/obscom.intervozes.org.br\/wordpress\/?p=25634"},"modified":"2011-05-25T17:01:31","modified_gmt":"2011-05-25T17:01:31","slug":"ver-tv-discute-mudancas-na-classificacao-indicativa","status":"publish","type":"post","link":"https:\/\/obscom.intervozes.org.br\/?p=25634","title":{"rendered":"Ver TV discute mudan\u00e7as na classifica\u00e7\u00e3o indicativa"},"content":{"rendered":"<p><span class=\"padrao\"><strong>Reda&ccedil;&atilde;o &#8211; TV C&acirc;mara<\/strong><\/p>\n<p>A Classifica&ccedil;&atilde;o indicativa de hor&aacute;rios para exibi&ccedil;&atilde;o de programas  televisivos est&aacute; em vigor desde julho de 2007. As normas est&atilde;o sendo  revistas e o Ver TV entra no debate sobre o que deve e o que n&atilde;o deve  mudar.<\/p>\n<p>Os convidados s&atilde;o pesquisadora do laborat&oacute;rio de Pol&iacute;ticas de  Comunica&ccedil;&atilde;o da UnB, Sayonara Leal; o diretor adjunto do Departamento de  Classifica&ccedil;&atilde;o do Minist&eacute;rio da Justi&ccedil;a, Davi Pires; e a psic&oacute;loga Maraci  Santana.<\/p>\n<p><a href=\"http:\/\/www2.camara.gov.br\/tv\/materias\/VER-TV\/197434-VER-TV-DISCUTE-MUDANCAS-NA-CLASSIFICACAO-INDICATIVA-%28BL.1%29.html\" target=\"_blank\">Confira o programa<\/a> <br \/><\/span><\/p>\n","protected":false},"excerpt":{"rendered":"<p>Reda&ccedil;&atilde;o &#8211; TV C&acirc;mara A Classifica&ccedil;&atilde;o indicativa de hor&aacute;rios para exibi&ccedil;&atilde;o de programas televisivos est&aacute; em vigor desde julho de 2007. As normas est&atilde;o sendo revistas e o Ver TV entra no debate sobre o que deve e o que n&atilde;o deve mudar. Os convidados s&atilde;o pesquisadora do laborat&oacute;rio de Pol&iacute;ticas de Comunica&ccedil;&atilde;o da UnB, &hellip; <a href=\"https:\/\/obscom.intervozes.org.br\/?p=25634\" class=\"more-link\">Continue lendo <span class=\"screen-reader-text\">Ver TV discute mudan\u00e7as na classifica\u00e7\u00e3o indicativa<\/span> <span class=\"meta-nav\">&rarr;<\/span><\/a><\/p>\n","protected":false},"author":1,"featured_media":0,"comment_status":"open","ping_status":"open","sticky":false,"template":"","format":"standard","meta":{"footnotes":""},"categories":[39],"tags":[],"_links":{"self":[{"href":"https:\/\/obscom.intervozes.org.br\/index.php?rest_route=\/wp\/v2\/posts\/25634"}],"collection":[{"href":"https:\/\/obscom.intervozes.org.br\/index.php?rest_route=\/wp\/v2\/posts"}],"about":[{"href":"https:\/\/obscom.intervozes.org.br\/index.php?rest_route=\/wp\/v2\/types\/post"}],"author":[{"embeddable":true,"href":"https:\/\/obscom.intervozes.org.br\/index.php?rest_route=\/wp\/v2\/users\/1"}],"replies":[{"embeddable":true,"href":"https:\/\/obscom.intervozes.org.br\/index.php?rest_route=%2Fwp%2Fv2%2Fcomments&post=25634"}],"version-history":[{"count":0,"href":"https:\/\/obscom.intervozes.org.br\/index.php?rest_route=\/wp\/v2\/posts\/25634\/revisions"}],"wp:attachment":[{"href":"https:\/\/obscom.intervozes.org.br\/index.php?rest_route=%2Fwp%2Fv2%2Fmedia&parent=25634"}],"wp:term":[{"taxonomy":"category","embeddable":true,"href":"https:\/\/obscom.intervozes.org.br\/index.php?rest_route=%2Fwp%2Fv2%2Fcategories&post=25634"},{"taxonomy":"post_tag","embeddable":true,"href":"https:\/\/obscom.intervozes.org.br\/index.php?rest_route=%2Fwp%2Fv2%2Ftags&post=25634"}],"curies":[{"name":"wp","href":"https:\/\/api.w.org\/{rel}","templated":true}]}}