{"id":25632,"date":"2011-05-25T15:09:50","date_gmt":"2011-05-25T15:09:50","guid":{"rendered":"https:\/\/obscom.intervozes.org.br\/wordpress\/?p=25632"},"modified":"2014-09-07T03:01:52","modified_gmt":"2014-09-07T03:01:52","slug":"marco-regulatorio-seguira-resolucoes-da-confecom","status":"publish","type":"post","link":"https:\/\/obscom.intervozes.org.br\/?p=25632","title":{"rendered":"Marco regulat\u00f3rio seguir\u00e1 resolu\u00e7\u00f5es da Confecom"},"content":{"rendered":"<p><span class=\"padrao\">As resolu&ccedil;&otilde;es da I Confer&ecirc;ncia Nacional de Comunica&ccedil;&atilde;o est&atilde;o sendo validadas no projeto de reforma do Marco Regulat&oacute;rio. A confirma&ccedil;&atilde;o foi de James G&ouml;rgen, Assessor da Secretaria Executiva do Minist&eacute;rio das Comunica&ccedil;&otilde;es(Minicom) durante semin&aacute;rio do F&oacute;rum Nacional pela Democratiza&ccedil;&atilde;o da Comunica&ccedil;&atilde;o (FNDC) no Rio de Janeiro no &uacute;ltimo dia 20 de maio.<\/p>\n<p>&quot;Recebemos do governo anterior as propostas da Confecom e come&ccedil;amos a discutir. Em final de fevereiro (2011) foi criado grupo de trabalho (GT) interno que est&aacute; produzindo um relat&oacute;rio mais abrangente&quot;, declarou James.<\/p>\n<p>Ao legitimar a Confecom o trabalho sob coordena&ccedil;&atilde;o de Paulo Bernardo incluiu a Lei Geral de Telecomunica&ccedil;&otilde;es (LGT): &quot;Agora h&aacute; identifica&ccedil;&atilde;o maior com as teles que n&atilde;o eram abordadas, em temas como banda larga&quot;, segundo G&ouml;rgen que utilizou o termo massifica&ccedil;&atilde;o de regime privado durante a apresenta&ccedil;&atilde;o e tamb&eacute;m n&atilde;o adiantou se a banda larga vai tornar-se servi&ccedil;o com regras espec&iacute;ficas.<\/p>\n<p>Quanto a ideia capitaneada pelo ex-ministro de Lula, Franklin Martins, de interferir apenas no C&oacute;digo Brasileiro de Telecomunica&ccedil;&otilde;es (CBT) de 1962, G&ouml;rgen explanou que j&aacute; est&aacute; bem adiantada, o que afeta a radiodifus&atilde;o, o audiovisual e o arranjo institucional.<\/p>\n<p>O objetivo do governo &eacute; n&atilde;o esmiu&ccedil;ar o projeto e apresentar eixos norteadores para regula&ccedil;&atilde;o: &quot;O marco ser&aacute; gen&eacute;rico o suficiente para sobreviver ao tempo e deixar para o Estado algumas regula&ccedil;&otilde;es pontuais. Queremos uma declara&ccedil;&atilde;o de princ&iacute;pios&quot;, sentenciou o representante do Minicom.<\/p>\n<p><strong>Mesa de di&aacute;logo<\/strong><\/p>\n<p>O representante do Minicom tamb&eacute;m apresentou com maior clareza os caminhos do governo para aprovar o projeto. A experi&ecirc;ncia de participa&ccedil;&atilde;o popular da Argentina foi evocada como refer&ecirc;ncia por James G&ouml;rgen. Em resposta ao encontro com o ministro Paulo Bernardo em abril de 2011, as entidades que participaram da Confecom v&atilde;o integrar uma mesa de di&aacute;logo permanente confirmada pelo Minist&eacute;rio.<\/p>\n<p>J&aacute; a press&atilde;o dos grandes empres&aacute;rios tem sido amortecida dentro do Minicom: &quot;Nenhum t&eacute;cnico recebe radiodifusor ou lobistas&quot;, explanou James que tamb&eacute;m retirou do governo a incid&ecirc;ncia sobre as altera&ccedil;&otilde;es que podem ser realizadas no Congresso Nacional: &quot;Podemos enviar um p&ocirc;nei. Ele pode virar um drag&atilde;o ou unic&oacute;rnio. A responsabilidade n&atilde;o est&aacute; com o governo&quot;.<\/p>\n<p>Por&eacute;m, antes de colocar em consulta, a presidenta Dilma Rousseff ir&aacute; dar seu crivo ao projeto. Entre as diverg&ecirc;ncias do GT a serem balizadas pelo Pal&aacute;cio do Planalto, a reformula&ccedil;&atilde;o da Ag&ecirc;ncia Nacional de Cinema (Ancine) foi explicitada no semin&aacute;rio pelo gerente executivo da Empresa Brasileira de Comunica&ccedil;&atilde;o (EBC), Silvo Da-Rin: &quot;Se acontecer a fus&atilde;o da Ancine com a Ag&ecirc;ncia Nacional de Telecomunica&ccedil;&otilde;es (Anatel) vamos na contram&atilde;o!&quot;. Da-Rin compreende que as fun&ccedil;&otilde;es voltadas para o fomento, fiscaliza&ccedil;&atilde;o e regula&ccedil;&atilde;o do audiovisual devem permanecer na Ancine e sob orienta&ccedil;&atilde;o do Minist&eacute;rio da Cultura.<\/p>\n<p>A coordenadora da Frente Parlamentar pela Liberdade de Express&atilde;o e Direito &agrave; Comunica&ccedil;&atilde;o, Luiza Erundina, pediu que Dilma Rousseff envie proposta do GT&nbsp; para a sociedade e depois fa&ccedil;a suas pondera&ccedil;&otilde;es: &quot;Temos que ter respostas as implica&ccedil;&otilde;es pol&iacute;ticas da reforma&quot;, enfatizou a deputada que espera que os interesses do processo sejam explicitados para sociedade se posicionar.<\/p>\n<p><strong>Unidade<\/strong><\/p>\n<p>Celso Schr&ouml;der, Coordenador-geral do FNDC, apontou o conceito da liberdade de express&atilde;o como o cerne das disputas e defendeu que os movimentos sociais j&aacute; fizeram sua parte nas mobiliza&ccedil;&otilde;es da Confecom: &quot;&Eacute; o momento do Estado brasileiro mover-se&quot;. O semin&aacute;rio foi referendado por Schr&ouml;der como espa&ccedil;o de unidade: &quot;Apesar dos desacertos, erros, e as derrotas, o s&iacute;mbolo da vit&oacute;ria dos movimentos sociais &eacute; o fato de estarmos discutindo unidade e propostas para marco legal&quot;.<\/p>\n<p>Ao final do semin&aacute;rio foi deliberada uma comiss&atilde;o para desenvolver dois documentos: um com 21 pontos fundamentais a reforma do marco legal com o objetivo de agita&ccedil;&atilde;o e outro mais denso que apresentar&aacute; um anteprojeto.<\/span><\/p>\n<p><strong>Leia mais<\/strong><br \/><a href=\"http:\/\/localhost\/intervozes_direitoacomunicacao\/wordpress\/?p=25635\">Marco legal brasileiro pode destoar na Am&eacute;rica Latina&nbsp; <\/a><\/p>\n","protected":false},"excerpt":{"rendered":"<p>Grupo de trabalho interno do Minist&eacute;rio das Comunica&ccedil;&otilde;es baseia suas discuss&otilde;es em teses aprovadas na conferencia de 2009<\/p>\n","protected":false},"author":1,"featured_media":0,"comment_status":"open","ping_status":"open","sticky":false,"template":"","format":"standard","meta":{"footnotes":""},"categories":[40],"tags":[323],"_links":{"self":[{"href":"https:\/\/obscom.intervozes.org.br\/index.php?rest_route=\/wp\/v2\/posts\/25632"}],"collection":[{"href":"https:\/\/obscom.intervozes.org.br\/index.php?rest_route=\/wp\/v2\/posts"}],"about":[{"href":"https:\/\/obscom.intervozes.org.br\/index.php?rest_route=\/wp\/v2\/types\/post"}],"author":[{"embeddable":true,"href":"https:\/\/obscom.intervozes.org.br\/index.php?rest_route=\/wp\/v2\/users\/1"}],"replies":[{"embeddable":true,"href":"https:\/\/obscom.intervozes.org.br\/index.php?rest_route=%2Fwp%2Fv2%2Fcomments&post=25632"}],"version-history":[{"count":1,"href":"https:\/\/obscom.intervozes.org.br\/index.php?rest_route=\/wp\/v2\/posts\/25632\/revisions"}],"predecessor-version":[{"id":28246,"href":"https:\/\/obscom.intervozes.org.br\/index.php?rest_route=\/wp\/v2\/posts\/25632\/revisions\/28246"}],"wp:attachment":[{"href":"https:\/\/obscom.intervozes.org.br\/index.php?rest_route=%2Fwp%2Fv2%2Fmedia&parent=25632"}],"wp:term":[{"taxonomy":"category","embeddable":true,"href":"https:\/\/obscom.intervozes.org.br\/index.php?rest_route=%2Fwp%2Fv2%2Fcategories&post=25632"},{"taxonomy":"post_tag","embeddable":true,"href":"https:\/\/obscom.intervozes.org.br\/index.php?rest_route=%2Fwp%2Fv2%2Ftags&post=25632"}],"curies":[{"name":"wp","href":"https:\/\/api.w.org\/{rel}","templated":true}]}}