{"id":25631,"date":"2011-05-25T14:47:56","date_gmt":"2011-05-25T14:47:56","guid":{"rendered":"https:\/\/obscom.intervozes.org.br\/wordpress\/?p=25631"},"modified":"2011-05-25T14:47:56","modified_gmt":"2011-05-25T14:47:56","slug":"projeto-preve-que-radios-determinem-horario-da-voz-do-brasil","status":"publish","type":"post","link":"https:\/\/obscom.intervozes.org.br\/?p=25631","title":{"rendered":"Projeto prev\u00ea que r\u00e1dios determinem hor\u00e1rio da Voz do Brasil"},"content":{"rendered":"<p><span class=\"padrao\">No ar h&aacute; 76 anos e conhecido por cerca de 90 % da popula&ccedil;&atilde;o brasileira, o programa de r&aacute;dio A Voz do Brasil caminha para n&atilde;o ter mais hor&aacute;rio fixo de transmiss&atilde;o, &agrave;s 19h. Algumas r&aacute;dios j&aacute; n&atilde;o transmitem nesse hor&aacute;rio por meio de liminares obtidas na Justi&ccedil;a. Mas nesta ter&ccedil;a-feira (24) a C&acirc;mara dos Deputados deu um passo importante para que a flexibiliza&ccedil;&atilde;o do hor&aacute;rio da Voz vire lei, permitindo &agrave;s emissoras &ndash; com exce&ccedil;&atilde;o das educativas &ndash; escolherem aleatoriamente a transmiss&atilde;o entre 19h e 22h.<\/p>\n<p>O projeto aprovado nesta ter&ccedil;a-feira na Comiss&atilde;o de Ci&ecirc;ncia e Tecnologia, Comunica&ccedil;&atilde;o e Inform&aacute;tica (CCTCI) da C&acirc;mara &ndash; por unanimidade &#8211; &eacute; de 2003 (PL 595) , de autoria da deputada Perp&eacute;tua Almeida (PCdoB-AC). Originalmente ele propunha uma flexibiliza&ccedil;&atilde;o maior nos hor&aacute;rios (19h30 a 00h30) e ainda estendia a obriga&ccedil;&atilde;o da exibi&ccedil;&atilde;o do programa para a TV. Al&eacute;m disso, o texto original n&atilde;o diferenciava as emissoras pelo tipo, criando a flexibiliza&ccedil;&atilde;o para todas.<\/p>\n<p>Tudo isso foi mudando ao longo do tempo. O projeto j&aacute; passou pelo Senado e para se tornar lei definitivamente falta ainda tramitar pela Comiss&atilde;o de Constitui&ccedil;&atilde;o e Justi&ccedil;a (CCJ) e pelo Plen&aacute;rio da C&acirc;mara.<\/p>\n<p>Para as r&aacute;dios que optarem em transmitir o programa fora do hor&aacute;rio padr&atilde;o, &agrave;s 19h, o projeto atual as obriga a avisarem a hora certa em que ele ir&aacute; ao ar. Ele mant&eacute;m a necessidade da transmiss&atilde;o do programa durante 1 hora seguida e tamb&eacute;m o atual formato: 25 minutos para o Poder Executivo, 5 minutos para o Judici&aacute;rio, 10 minutos para o Senado e 20 minutos para a C&acirc;mara.<\/p>\n<p><strong>Diferen&ccedil;a<\/strong><\/p>\n<p>O projeto aprovado na CCTCI cria uma diferencia&ccedil;&atilde;o perigosa entre as r&aacute;dios. Ele permite todas, inclusive as comunit&aacute;rias, a escolherem o hor&aacute;rio que desejam transmitir A Voz do Brasil. S&oacute; mant&eacute;m a obriga&ccedil;&atilde;o para as emissoras educativas. &ldquo;Lamento que o projeto nos deixou de fora. N&atilde;o houve sensibilidade que, por um motivo diferente das comerciais, n&oacute;s temos tamb&eacute;m uma preocupa&ccedil;&atilde;o de atingir o ouvinte dentro de suas diferentes necessidades&rdquo;, critica Orlando Guilhon, vice-presidente da Associa&ccedil;&atilde;o das R&aacute;dios P&uacute;blicas do Brasil (Arpub).<\/p>\n<p>A justificativa do relator do projeto, Jos&eacute; Rocha (PR\/BA), &eacute; que a flexibiliza&ccedil;&atilde;o para essas r&aacute;dios poderia alterar seu car&aacute;ter. &ldquo;Julgamos pertinente que a transmiss&atilde;o da Voz do Brasil no hor&aacute;rio das 19 horas seja preservada como marca indissoci&aacute;vel das emissoras educativas no cumprimento de suas finalidades sociais &rdquo;, diz o deputado. As emissoras legislativas s&oacute; podem, de acordo com o projeto, flexibilizar a transmiss&atilde;o da Voz quando houver sess&otilde;es deliberativas nas Assembleias e C&acirc;maras &agrave;s 19h.<\/p>\n<p>Por tr&aacute;s desse discurso, h&aacute; claramente interesses comerciais em jogo. N&atilde;o &eacute; &agrave; toa que uma das principais interessadas na aprova&ccedil;&atilde;o do projeto &eacute; a Associa&ccedil;&atilde;o Brasileira de Emissoras de R&aacute;dio e Televis&atilde;o (Abert). O interesse das r&aacute;dios comerciais &eacute; vender publicidade no hor&aacute;rio das 19h, que &eacute; um dos mais nobres do ve&iacute;culo.<\/p>\n<p>O representante da Arpub entende que &eacute; necess&aacute;rio flexibilizar o hor&aacute;rio para todas as emissoras. Ele argumenta que as educativas muitas vezes t&ecirc;m interesse em transmitir eventos esportivos e culturais que acontecem entre &agrave;s 19h e 20h.&nbsp; &ldquo;&Eacute; para cumprir a miss&atilde;o p&uacute;blica de comunicar&rdquo;, afirma Guilhon, lembrando que as educativas ser&atilde;o prejudicadas na pr&oacute;xima Copa do Mundo, por exemplo, se o PL 595\/03 se tornar lei, j&aacute; que est&atilde;o previstos jogos nessa faixa hor&aacute;ria.<\/p>\n<p>A obrigatoriedade das educativas em seguir um hor&aacute;rio fixo tamb&eacute;m pode criar uma confus&atilde;o. Muitas delas, apesar de serem gerenciadas por governos locais, possuem uma concess&atilde;o comercial. Isso criaria uma diferencia&ccedil;&atilde;o ainda maior, entre as pr&oacute;prias r&aacute;dios do campo p&uacute;blico.<\/p>\n<p>J&aacute; o diretor da Federa&ccedil;&atilde;o dos Radialistas (Fitert) Chico Pereira acredita que o programa deveria continuar sendo transmitido &agrave;s 19h em todas as r&aacute;dios do pa&iacute;s. Ele aponta que a transmiss&atilde;o da Voz mais tarde vai prejudicar principalmente os cidad&atilde;os das zonas rurais, que formam boa parte dos ouvintes da atra&ccedil;&atilde;o. &ldquo;Tem gente no campo que nem ouve a Voz do Brasil por causa da hora porque &agrave;s 4h ele j&aacute; est&aacute; se encaminhando para o trabalho&rdquo;, argumenta Chico, que enfatiza que A Voz do Brasil &eacute; uma das principais fontes de informa&ccedil;&atilde;o para esse p&uacute;blico.<\/p>\n<p><strong>Hist&oacute;ria<\/strong><\/p>\n<p>O programa foi criado em 1935 durante o governo de Get&uacute;lio Vargas com o nome de Programa Nacional. De 1934 a 1962, foi ao ar como Hora do Brasil, sendo que em 1938 passou a ter veicula&ccedil;&atilde;o obrigat&oacute;ria, somente com divulga&ccedil;&atilde;o de atos do Poder Executivo, das 19h &agrave;s 20h.<\/p>\n<p>Apenas com a aprova&ccedil;&atilde;o do C&oacute;digo Brasileiro de Telecomunica&ccedil;&otilde;es, em 1962, &eacute; que o Poder Legislativo passou a ocupar a segunda meia hora do notici&aacute;rio do programa e, em 1971, passa a se chamar A Voz do Brasil. Em 1995, A Voz entrou para o Guiness Book como o programa de r&aacute;dio mais antigo do Brasil. <\/span><\/p>\n<p>&nbsp;<\/p>\n<p>&nbsp;<\/p>\n<p>&nbsp;<\/p>\n","protected":false},"excerpt":{"rendered":"<p><span class=\"padrao\">Comiss&atilde;o de Ci&ecirc;ncia e Tecnologia, Comunica&ccedil;&atilde;o e Inform&aacute;tica da C&acirc;mara aprovou texto que possibilita o programa ir ao ar entre 19h e 22h <\/span><\/p>\n","protected":false},"author":1,"featured_media":0,"comment_status":"open","ping_status":"open","sticky":false,"template":"","format":"standard","meta":{"footnotes":""},"categories":[40],"tags":[230],"_links":{"self":[{"href":"https:\/\/obscom.intervozes.org.br\/index.php?rest_route=\/wp\/v2\/posts\/25631"}],"collection":[{"href":"https:\/\/obscom.intervozes.org.br\/index.php?rest_route=\/wp\/v2\/posts"}],"about":[{"href":"https:\/\/obscom.intervozes.org.br\/index.php?rest_route=\/wp\/v2\/types\/post"}],"author":[{"embeddable":true,"href":"https:\/\/obscom.intervozes.org.br\/index.php?rest_route=\/wp\/v2\/users\/1"}],"replies":[{"embeddable":true,"href":"https:\/\/obscom.intervozes.org.br\/index.php?rest_route=%2Fwp%2Fv2%2Fcomments&post=25631"}],"version-history":[{"count":0,"href":"https:\/\/obscom.intervozes.org.br\/index.php?rest_route=\/wp\/v2\/posts\/25631\/revisions"}],"wp:attachment":[{"href":"https:\/\/obscom.intervozes.org.br\/index.php?rest_route=%2Fwp%2Fv2%2Fmedia&parent=25631"}],"wp:term":[{"taxonomy":"category","embeddable":true,"href":"https:\/\/obscom.intervozes.org.br\/index.php?rest_route=%2Fwp%2Fv2%2Fcategories&post=25631"},{"taxonomy":"post_tag","embeddable":true,"href":"https:\/\/obscom.intervozes.org.br\/index.php?rest_route=%2Fwp%2Fv2%2Ftags&post=25631"}],"curies":[{"name":"wp","href":"https:\/\/api.w.org\/{rel}","templated":true}]}}