{"id":25630,"date":"2011-05-24T16:29:32","date_gmt":"2011-05-24T16:29:32","guid":{"rendered":"https:\/\/obscom.intervozes.org.br\/wordpress\/?p=25630"},"modified":"2011-05-24T16:29:32","modified_gmt":"2011-05-24T16:29:32","slug":"sociedade-se-mobiliza-por-politicas-de-comunicacao-no-df","status":"publish","type":"post","link":"https:\/\/obscom.intervozes.org.br\/?p=25630","title":{"rendered":"Sociedade se mobiliza por pol\u00edticas de comunica\u00e7\u00e3o no DF"},"content":{"rendered":"<p><span class=\"padrao\">Ap&oacute;s a elei&ccedil;&atilde;o do governador Agnelo Queiroz em 2010, as entidades do movimento de comunica&ccedil;&atilde;o v&ecirc;m se articulando para que as pol&iacute;ticas p&uacute;blicas de comunica&ccedil;&atilde;o estejam na pauta do novo Governo do Distrito Federal (GDF). Para isso, o movimento apresentou em dezembro ao governo de transi&ccedil;&atilde;o um&nbsp; documento de dez pontos priorit&aacute;rios da sociedade civil para a comunica&ccedil;&atilde;o. &ldquo;Os dez pontos s&atilde;o uma s&iacute;ntese da propostas aprovadas na Confer&ecirc;ncia Nacional de Comunica&ccedil;&atilde;o (2009), uma tentativa da sociedade construir um programa democr&aacute;tico para a comunica&ccedil;&atilde;o no DF&rdquo;, explica G&eacute;sio Passos, militante do Intervozes.<\/p>\n<p>A partir de janeiro, o movimento se reuniu com a Secretaria de Comunica&ccedil;&atilde;o e com a Secretaria de Publicidade para discutir as propostas e a constru&ccedil;&atilde;o da pol&iacute;tica p&uacute;blica. Os pontos tamb&eacute;m foram apresentados durante a Confer&ecirc;ncia Distrital de Cultura. O debate entre governo e sociedade resultar&aacute; no primeiro semin&aacute;rio sobre as pol&iacute;ticas de comunica&ccedil;&atilde;o do DF. &ldquo;Em primeiro lugar, precisamos saber quem s&atilde;o os comunicadores da regi&atilde;o e em seguida definiremos como vamos estimular a cultura digital e as comunica&ccedil;&otilde;es comunit&aacute;rias&rdquo;, afirma D&eacute;bora Cruz, assessora da Secret&aacute;ria de Comunica&ccedil;&atilde;o.<\/p>\n<p>Para o secret&aacute;rio-geral do Sindicato dos Jornalistas do DF, Jonas Valente, a iniciativa do semin&aacute;rio mostra uma sensibilidade do governo com o setor. &ldquo;Esse processo de debate nunca &eacute; f&aacute;cil, mas &eacute; importante que a comunica&ccedil;&atilde;o seja vista pela &oacute;tica da cria&ccedil;&atilde;o de pol&iacute;ticas p&uacute;blicas e n&atilde;o apenas a da publicidade oficial&rdquo;, argumenta Jonas.<\/p>\n<p>A vice-presidente da Frente Nacional pela Valoriza&ccedil;&atilde;o das TVs do Campo P&uacute;blico (Frenavatec), Alice Campos, acredita que &eacute; um momento estrat&eacute;gico para o movimento de comunica&ccedil;&atilde;o no DF: &ldquo;Precisamos aproveitar o processo de transi&ccedil;&atilde;o do governo para colocarmos nossas pautas em quest&atilde;o como a defasagem no investimento na comunica&ccedil;&atilde;o comunit&aacute;ria&rdquo;, defende Alice.<\/p>\n<p>O assessor de comunica&ccedil;&atilde;o da Secretaria de Cultura, Roberto Neiva, avalia que &eacute; importante investir nos meios de comunica&ccedil;&atilde;o regionais, mas tamb&eacute;m na produ&ccedil;&atilde;o local de conte&uacute;do. &ldquo;J&aacute; existe uma cadeia produtiva audiovisual e o que falta &eacute; ligar os setores para viabilizar a chamada economia criativa&rdquo;, explica Roberto. Para o assessor, &ldquo;um dos grandes desafios ser&aacute; construir um marco regulat&oacute;rio moderno para atender as inova&ccedil;&otilde;es do setor e criar mecanismo de fomento que se adequem as necessidades do DF&rdquo;.<\/p>\n<p>Anteriormente o evento estava previsto para junho, mas foi adiado para agosto. Segundo D&eacute;bora, o adiamento se deve &agrave; cria&ccedil;&atilde;o da sub-secretaria de pol&iacute;ticas de comunica&ccedil;&atilde;o ainda em julho &ldquo;As mudan&ccedil;as est&atilde;o ocorrendo para evitar os esc&acirc;ndalos de corrup&ccedil;&atilde;o do governo passado&rdquo;, explica a assessora. Al&eacute;m disso, nesse m&ecirc;s ser&aacute; definido em que local ser&aacute; o Centro de M&iacute;dia da Copa do Mundo de 2014 e a abertura do evento, em que o DF &eacute; candidato para as duas iniciativas.<\/span><\/p>\n","protected":false},"excerpt":{"rendered":"<p>Governo do Distrito Federal abre di&aacute;logo com movimentos sociais para a constru&ccedil;&atilde;o de pol&iacute;ticas p&uacute;blicas de comunica&ccedil;&atilde;o<\/p>\n","protected":false},"author":1,"featured_media":0,"comment_status":"open","ping_status":"open","sticky":false,"template":"","format":"standard","meta":{"footnotes":""},"categories":[40],"tags":[832],"_links":{"self":[{"href":"https:\/\/obscom.intervozes.org.br\/index.php?rest_route=\/wp\/v2\/posts\/25630"}],"collection":[{"href":"https:\/\/obscom.intervozes.org.br\/index.php?rest_route=\/wp\/v2\/posts"}],"about":[{"href":"https:\/\/obscom.intervozes.org.br\/index.php?rest_route=\/wp\/v2\/types\/post"}],"author":[{"embeddable":true,"href":"https:\/\/obscom.intervozes.org.br\/index.php?rest_route=\/wp\/v2\/users\/1"}],"replies":[{"embeddable":true,"href":"https:\/\/obscom.intervozes.org.br\/index.php?rest_route=%2Fwp%2Fv2%2Fcomments&post=25630"}],"version-history":[{"count":0,"href":"https:\/\/obscom.intervozes.org.br\/index.php?rest_route=\/wp\/v2\/posts\/25630\/revisions"}],"wp:attachment":[{"href":"https:\/\/obscom.intervozes.org.br\/index.php?rest_route=%2Fwp%2Fv2%2Fmedia&parent=25630"}],"wp:term":[{"taxonomy":"category","embeddable":true,"href":"https:\/\/obscom.intervozes.org.br\/index.php?rest_route=%2Fwp%2Fv2%2Fcategories&post=25630"},{"taxonomy":"post_tag","embeddable":true,"href":"https:\/\/obscom.intervozes.org.br\/index.php?rest_route=%2Fwp%2Fv2%2Ftags&post=25630"}],"curies":[{"name":"wp","href":"https:\/\/api.w.org\/{rel}","templated":true}]}}