{"id":25624,"date":"2011-05-23T16:20:53","date_gmt":"2011-05-23T16:20:53","guid":{"rendered":"https:\/\/obscom.intervozes.org.br\/wordpress\/?p=25624"},"modified":"2011-05-23T16:20:53","modified_gmt":"2011-05-23T16:20:53","slug":"frente-paulista-realiza-plenaria-para-discutir-rumos-da-comunicacao","status":"publish","type":"post","link":"https:\/\/obscom.intervozes.org.br\/?p=25624","title":{"rendered":"Frente Paulista realiza plen\u00e1ria para discutir rumos da comunica\u00e7\u00e3o"},"content":{"rendered":"<p><span class=\"padrao\">A Frente Paulista pelo Direito &agrave; Comunica&ccedil;&atilde;o e Liberdade de Express&atilde;o (Frentex) realizou no dia 14 de maio sua plen&aacute;ria estadual para retomar a movimenta&ccedil;&atilde;o em defesa da democratiza&ccedil;&atilde;o dos meios de comunica&ccedil;&atilde;o em S&atilde;o Paulo. O encontro aconteceu no audit&oacute;rio S&eacute;rgio Vieira de Mello da C&acirc;mara Municipal.<\/span><span class=\"padrao\"><\/p>\n<p>Dentre os assuntos abordados estavam o Plano Nacional de Banda Larga (PNBL) e as discuss&otilde;es em torno do novo Marco Regulat&oacute;rio para as comunica&ccedil;&otilde;es brasileiras, bem como a cria&ccedil;&atilde;o do Conselho Estadual de Comunica&ccedil;&otilde;es em S&atilde;o Paulo e os rumos da TV Cultura, que passa por desmontes que podem acarretar s&eacute;rios preju&iacute;zos para a comunica&ccedil;&atilde;o p&uacute;blica no estado.<\/span><span class=\"padrao\"><\/p>\n<p>A reuni&atilde;o tamb&eacute;m celebrou o anivers&aacute;rio de um ano da Frentex, criada em mar&ccedil;o do ano passado durante os encontros de balan&ccedil;o p&oacute;s I Confer&ecirc;ncia Nacional de Comunica&ccedil;&atilde;o (Confecom).<\/span><span class=\"padrao\"><\/p>\n<p><strong>Banda Larga e Marco Regulat&oacute;rio<\/strong><\/span><span class=\"padrao\"><\/p>\n<p>Lan&ccedil;ado ainda no governo Lula, o PNBL trazia as promessas de acesso r&aacute;pido e barato &agrave; internet. Um ano depois, nenhuma meta foi conclu&iacute;da e medida alguma saiu do papel. Por conta disso, a plen&aacute;ria estadual da Frentex definiu algumas a&ccedil;&otilde;es de mobiliza&ccedil;&atilde;o, como a defesa do regime p&uacute;blico para a presta&ccedil;&atilde;o do servi&ccedil;o de banda larga e o apoio &agrave; reativa&ccedil;&atilde;o da Telebr&aacute;s para condu&ccedil;&atilde;o do Plano.<\/span><span class=\"padrao\"><\/p>\n<p>As velocidades oferecidas e n&atilde;o entregues pelas operadoras tamb&eacute;m precisam ser questionadas. Em breve ser&aacute; lan&ccedil;ado um documento refer&ecirc;ncia sobre o assunto que servir&aacute; de estimulo para o debate nos meios de comunica&ccedil;&atilde;o, sejam eles m&iacute;dia alternativa ou os grandes ve&iacute;culos.<\/span><span class=\"padrao\"><\/p>\n<p>Quanto &agrave;s discuss&otilde;es em torno do novo Marco Regulat&oacute;rio, a plen&aacute;ria levantou a proposta de lan&ccedil;ar o cordel &ldquo;A peleja comunicacional de Marco Regulat&oacute;rio e Concei&ccedil;&atilde;o P&uacute;blica na terra sem lei dos coron&eacute;is eletr&ocirc;nicos&rdquo;, trabalhando outro conceito de linguagem, a fim de traduzir a pauta para a popula&ccedil;&atilde;o em geral e deixar claro os objetivos da Frentex em rela&ccedil;&atilde;o a ela. A ideia &eacute; n&atilde;o deixar o tema somente nas m&atilde;os de especialistas, mas lev&aacute;-lo a todas as camadas da sociedade.<\/span><span class=\"padrao\"><strong><\/p>\n<p>Conselho Estadual de Comunica&ccedil;&atilde;o e TV Cultura<\/strong><\/span><span class=\"padrao\"><\/p>\n<p>O deputado Antonio Mentor (PT) prop&ocirc;s, no ano passado, a cria&ccedil;&atilde;o do Conselho Estadual Parlamentar de Comunica&ccedil;&atilde;o do Estado de S&atilde;o Paulo (Consecom), baseando-se em uma das resolu&ccedil;&otilde;es aprovadas na I Confer&ecirc;ncia Nacional de Comunica&ccedil;&atilde;o, realizada no final de 2009, em Bras&iacute;lia. A plen&aacute;ria deliberou avaliar se a Frentex deve ou n&atilde;o propor emendas ao projeto reapresentado por Mentor, bem como verificar estrategicamente se a exist&ecirc;ncia de um Conselho Parlamentar n&atilde;o pode enfraquecer a luta por um Conselho Estadual nos moldes do defendido pelo movimento na Confecom.<\/span><span class=\"padrao\"><\/p>\n<p>A Frente Paulista quer, ainda, se fortalecer na Assembleia Legislativa do estado, convocar audi&ecirc;ncia p&uacute;blica com o ministro das comunica&ccedil;&otilde;es Paulo Bernardo e se reunir com o governador Geraldo Alckimin para discutir pautas como o Conselho proposto por Mentor, o PNBL em SP, e a TV Cultura.<\/span><span class=\"padrao\"><\/p>\n<p>As recentes mudan&ccedil;as e cortes de pessoal que vem ocorrendo na TV Cultura tamb&eacute;m foi tema abordado no encontro. Ser&atilde;o criadas a&ccedil;&otilde;es que avancem urgentemente em sua defesa, antes que, como dito na plen&aacute;ria, &ldquo;o governo estadual a coloque &agrave; venda&rdquo;, pois existe o entendimento de que o desmonte possa ter como finalidade uma eventual privatiza&ccedil;&atilde;o.<\/span><span class=\"padrao\"><\/p>\n<p>Foi proposto que se fa&ccedil;a um ato de rua e que a Assembleia Legislativa e a Frente Parlamentar que est&aacute; sendo criada sejam envolvidas em algumas a&ccedil;&otilde;es, com a convoca&ccedil;&atilde;o de&nbsp; uma audi&ecirc;ncia p&uacute;blica e, no futuro, uma poss&iacute;vel CPI da Funda&ccedil;&atilde;o Padre Anchieta. Avaliar a pertin&ecirc;ncia de um processo jur&iacute;dico para enquadrar a TV Cultura na legisla&ccedil;&atilde;o como uma TV p&uacute;blica tamb&eacute;m foi tema discutido pela Frente Paulista.<\/span><span class=\"padrao\"><strong><\/p>\n<p>Pr&oacute;xima reuni&atilde;o<\/strong><\/span><span class=\"padrao\"><\/p>\n<p>O pr&oacute;ximo encontro da Frente Paulista foi marcado para o dia 07 de junho, ter&ccedil;a-feira, &agrave;s 19h, na sede do Intervozes (Rua Rego Freitas, 454, cj122). Na ocasi&atilde;o ser&aacute; discutida a renova&ccedil;&atilde;o do Grupo de Trabalho Executivo da Frentex (GTE) para o pr&oacute;ximo per&iacute;odo de trabalho.<\/p>\n<p><em>Atualizado 27\/05\/11 &agrave;s 16h54<\/em><br \/><\/span><\/p>\n","protected":false},"excerpt":{"rendered":"<p>Encontro das entidades que participam do movimento em defesa da democratiza&ccedil;&atilde;o da comunica&ccedil;&atilde;o tra&ccedil;ou prioridades que ser&atilde;o desenvolvidas<\/p>\n","protected":false},"author":1,"featured_media":0,"comment_status":"open","ping_status":"open","sticky":false,"template":"","format":"standard","meta":{"footnotes":""},"categories":[40],"tags":[195],"_links":{"self":[{"href":"https:\/\/obscom.intervozes.org.br\/index.php?rest_route=\/wp\/v2\/posts\/25624"}],"collection":[{"href":"https:\/\/obscom.intervozes.org.br\/index.php?rest_route=\/wp\/v2\/posts"}],"about":[{"href":"https:\/\/obscom.intervozes.org.br\/index.php?rest_route=\/wp\/v2\/types\/post"}],"author":[{"embeddable":true,"href":"https:\/\/obscom.intervozes.org.br\/index.php?rest_route=\/wp\/v2\/users\/1"}],"replies":[{"embeddable":true,"href":"https:\/\/obscom.intervozes.org.br\/index.php?rest_route=%2Fwp%2Fv2%2Fcomments&post=25624"}],"version-history":[{"count":0,"href":"https:\/\/obscom.intervozes.org.br\/index.php?rest_route=\/wp\/v2\/posts\/25624\/revisions"}],"wp:attachment":[{"href":"https:\/\/obscom.intervozes.org.br\/index.php?rest_route=%2Fwp%2Fv2%2Fmedia&parent=25624"}],"wp:term":[{"taxonomy":"category","embeddable":true,"href":"https:\/\/obscom.intervozes.org.br\/index.php?rest_route=%2Fwp%2Fv2%2Fcategories&post=25624"},{"taxonomy":"post_tag","embeddable":true,"href":"https:\/\/obscom.intervozes.org.br\/index.php?rest_route=%2Fwp%2Fv2%2Ftags&post=25624"}],"curies":[{"name":"wp","href":"https:\/\/api.w.org\/{rel}","templated":true}]}}