{"id":25622,"date":"2011-05-23T15:04:14","date_gmt":"2011-05-23T15:04:14","guid":{"rendered":"https:\/\/obscom.intervozes.org.br\/wordpress\/?p=25622"},"modified":"2011-05-23T15:04:14","modified_gmt":"2011-05-23T15:04:14","slug":"ministerio-das-comunicacoes-criara-mesa-de-dialogo-para-discutir-novo-marco-regulatorio","status":"publish","type":"post","link":"https:\/\/obscom.intervozes.org.br\/?p=25622","title":{"rendered":"Minist\u00e9rio das Comunica\u00e7\u00f5es criar\u00e1 mesa de di\u00e1logo para discutir novo marco regulat\u00f3rio"},"content":{"rendered":"<p><span class=\"padrao\">O Minist&eacute;rio das Comunica&ccedil;&otilde;es pretende criar uma &quot;mesa de di&aacute;logo&quot; com a sociedade para discutir temas do anteprojeto de regulamenta&ccedil;&atilde;o das comunica&ccedil;&otilde;es no pa&iacute;s. A informa&ccedil;&atilde;o foi dada hoje (20) pelo assessor executivo da pasta, James G&ouml;rgen.<\/p>\n<p>Ele explicou que a ideia &eacute; colher sugest&otilde;es de movimentos sociais e do setor privado para a consolida&ccedil;&atilde;o do texto, que reunir&aacute; propostas aprovadas na Confer&ecirc;ncia Nacional de Comunica&ccedil;&atilde;o, realizada em 2009, e dever&aacute; ser apresentado para consulta p&uacute;blica no segundo semestre.<\/p>\n<p>Segundo G&ouml;rgen, o texto vai propor a regulamenta&ccedil;&atilde;o, principalmente, de tr&ecirc;s artigos constitucionais (221, 222 e 223). Os itens tratam da produ&ccedil;&atilde;o e da programa&ccedil;&atilde;o de r&aacute;dios e televis&otilde;es, concess&atilde;o e renova&ccedil;&atilde;o de outorgas, al&eacute;m de regras de propriedade.<\/p>\n<p>&quot;O minist&eacute;rio j&aacute; fez toda a revis&atilde;o da parte de comunica&ccedil;&atilde;o social eletr&ocirc;nica, de radiodifus&atilde;o, de difus&atilde;o audiovisual, de produ&ccedil;&atilde;o audiovisual e do arranjo institucional&quot;, afirmou, durante o semin&aacute;rio Marco Regulat&oacute;rio &ndash; Propostas para uma Comunica&ccedil;&atilde;o Democr&aacute;tica, no Rio.<\/p>\n<p>G&ouml;rgen informou que o grupo de trabalho sobre o marco regulat&oacute;rio vai analisar agora t&oacute;picos sobre internet banda larga e universaliza&ccedil;&atilde;o dos servi&ccedil;os e conte&uacute;dos de telecomunica&ccedil;&otilde;es. &quot;Existe alguns consensos, mas que n&atilde;o posso revelar, por quest&otilde;es hier&aacute;rquicas&quot;, explicou.<\/p>\n<p>Assim que o documento for tornado p&uacute;blico pelo minist&eacute;rio, uma c&acirc;mara de di&aacute;logo ser&aacute; criada para incentivar a discuss&atilde;o sobre o tema.<\/p>\n<p>Para o coordenador-geral do F&oacute;rum Nacional pela Democratiza&ccedil;&atilde;o da Comunica&ccedil;&atilde;o (FNDC), Celso Schr&ouml;der, o di&aacute;logo permitir&aacute; aperfei&ccedil;oar a proposta do governo desde que, segundo ele, a iniciativa privada n&atilde;o retome discuss&otilde;es que foram superadas na Confer&ecirc;ncia de Comunica&ccedil;&atilde;o.<\/p>\n<p>&quot;N&atilde;o podemos perder mais tempo e dinheiro com isso. Os atores que quiseram participar, participaram. O momento, agora, &eacute; de o governo apresentar sua proposta. A&iacute;, a gente pode at&eacute; sentar, clarear as ideias, mas n&atilde;o come&ccedil;ar mais um debate&quot;, defendeu.<\/p>\n<p>A deputada federal Luiza Erundina (PSB-SP), coordenadora da Frente Parlamentar pela Liberdade de Express&atilde;o e o Direito &agrave; Comunica&ccedil;&atilde;o com Participa&ccedil;&atilde;o Popular, presente no evento, disse que tamb&eacute;m compilar&aacute; propostas para o novo marco e far&aacute; a discuss&atilde;o no Congresso Nacional.<\/p>\n<p>&quot;Temos exatamente que criar novos meios de participa&ccedil;&atilde;o e atualizar o marco legal sem o qu&ecirc; n&atilde;o se conseguir&aacute; colocar a pol&iacute;tica de comunica&ccedil;&atilde;o no pa&iacute;s no patamar necess&aacute;rio e garantir o cidad&atilde;o o direito &agrave; comunica&ccedil;&atilde;o e participa&ccedil;&atilde;o em um servi&ccedil;o p&uacute;blico&quot;, afirmou.<\/p>\n<p>O representante do Minist&eacute;rio das Comunica&ccedil;&otilde;es disse que o governo est&aacute; comprometido com mudan&ccedil;as de &quot;paradigmas na sociedade&quot;, que passam pela atua&ccedil;&atilde;o do Estado no setor de comunica&ccedil;&otilde;es, mas que a cria&ccedil;&atilde;o de novas regras n&atilde;o significa censura dos meios.<\/span><\/p>\n","protected":false},"excerpt":{"rendered":"<p>O Minist&eacute;rio das Comunica&ccedil;&otilde;es pretende criar uma &quot;mesa de di&aacute;logo&quot; com a sociedade para discutir temas do anteprojeto de regulamenta&ccedil;&atilde;o das comunica&ccedil;&otilde;es no pa&iacute;s. A informa&ccedil;&atilde;o foi dada hoje (20) pelo assessor executivo da pasta, James G&ouml;rgen. Ele explicou que a ideia &eacute; colher sugest&otilde;es de movimentos sociais e do setor privado para a consolida&ccedil;&atilde;o &hellip; <a href=\"https:\/\/obscom.intervozes.org.br\/?p=25622\" class=\"more-link\">Continue lendo <span class=\"screen-reader-text\">Minist\u00e9rio das Comunica\u00e7\u00f5es criar\u00e1 mesa de di\u00e1logo para discutir novo marco regulat\u00f3rio<\/span> <span class=\"meta-nav\">&rarr;<\/span><\/a><\/p>\n","protected":false},"author":1,"featured_media":0,"comment_status":"open","ping_status":"open","sticky":false,"template":"","format":"standard","meta":{"footnotes":""},"categories":[40],"tags":[366],"_links":{"self":[{"href":"https:\/\/obscom.intervozes.org.br\/index.php?rest_route=\/wp\/v2\/posts\/25622"}],"collection":[{"href":"https:\/\/obscom.intervozes.org.br\/index.php?rest_route=\/wp\/v2\/posts"}],"about":[{"href":"https:\/\/obscom.intervozes.org.br\/index.php?rest_route=\/wp\/v2\/types\/post"}],"author":[{"embeddable":true,"href":"https:\/\/obscom.intervozes.org.br\/index.php?rest_route=\/wp\/v2\/users\/1"}],"replies":[{"embeddable":true,"href":"https:\/\/obscom.intervozes.org.br\/index.php?rest_route=%2Fwp%2Fv2%2Fcomments&post=25622"}],"version-history":[{"count":0,"href":"https:\/\/obscom.intervozes.org.br\/index.php?rest_route=\/wp\/v2\/posts\/25622\/revisions"}],"wp:attachment":[{"href":"https:\/\/obscom.intervozes.org.br\/index.php?rest_route=%2Fwp%2Fv2%2Fmedia&parent=25622"}],"wp:term":[{"taxonomy":"category","embeddable":true,"href":"https:\/\/obscom.intervozes.org.br\/index.php?rest_route=%2Fwp%2Fv2%2Fcategories&post=25622"},{"taxonomy":"post_tag","embeddable":true,"href":"https:\/\/obscom.intervozes.org.br\/index.php?rest_route=%2Fwp%2Fv2%2Ftags&post=25622"}],"curies":[{"name":"wp","href":"https:\/\/api.w.org\/{rel}","templated":true}]}}