{"id":25618,"date":"2011-05-20T12:10:35","date_gmt":"2011-05-20T12:10:35","guid":{"rendered":"https:\/\/obscom.intervozes.org.br\/wordpress\/?p=25618"},"modified":"2011-05-20T12:10:35","modified_gmt":"2011-05-20T12:10:35","slug":"qualidade-na-tv-paga-inclui-poder-de-mercado-e-reclamacoes-sobre-conteudo","status":"publish","type":"post","link":"https:\/\/obscom.intervozes.org.br\/?p=25618","title":{"rendered":"Qualidade na TV paga inclui poder de mercado e reclama\u00e7\u00f5es sobre conte\u00fado"},"content":{"rendered":"<p><span class=\"padrao\">A Anatel vai colocar em consulta p&uacute;blica uma proposta de regulamento sobre qualidade dos servi&ccedil;os de TV paga. Um conjunto de indicadores servir&aacute; como par&acirc;metro para a avalia&ccedil;&atilde;o dos servi&ccedil;os, como as reclama&ccedil;&otilde;es sobre cobran&ccedil;as, atendimento ou falhas.<\/p>\n<p>O novo regulamento prev&ecirc;, no entanto, que ser&atilde;o computadas queixas relacionadas &agrave; programa&ccedil;&atilde;o. Apenas estar&atilde;o exclu&iacute;das dessas reclama&ccedil;&otilde;es os conte&uacute;dos relativos aos canais obrigat&oacute;rios, como as TVs Senado, C&acirc;mara e Justi&ccedil;a.<\/p>\n<p>O texto que entrar&aacute; em consulta antecipa o Plano Geral de Metas de Competi&ccedil;&atilde;o, ainda em elabora&ccedil;&atilde;o pela Anatel, e j&aacute; considera que haver&aacute; tratamento diferenciado para aquelas empresas de TV paga consideradas com Poder de Mercado Significativo.<\/p>\n<p>Isso porque aquelas empresas sem PMS ter&atilde;o prazo maior &ndash; de at&eacute; tr&ecirc;s anos &ndash; para atenderem os par&acirc;metros de qualidade. Ou seja, haver&aacute; uma toler&acirc;ncia maior, pela ag&ecirc;ncia, em rela&ccedil;&atilde;o ao cumprimento dos indicadores propostos.<\/p>\n<p>A sugest&atilde;o de regulamento ressalva, no entanto, que at&eacute; a defini&ccedil;&atilde;o de quais empresas de TV paga possuem Poder de Mercado Significativo, todas receber&atilde;o o tratamento de empresas sem PMS.<\/p>\n<p>O texto com a proposta da Anatel para o novo regulamento de qualidade ficar&aacute; em consulta p&uacute;blica por 30 dias. A ag&ecirc;ncia tamb&eacute;m pretende realizar pelo menos uma audi&ecirc;ncia p&uacute;blica sobre o tema, em Bras&iacute;lia.<\/span><\/p>\n","protected":false},"excerpt":{"rendered":"<p>A Anatel vai colocar em consulta p&uacute;blica uma proposta de regulamento sobre qualidade dos servi&ccedil;os de TV paga. Um conjunto de indicadores servir&aacute; como par&acirc;metro para a avalia&ccedil;&atilde;o dos servi&ccedil;os, como as reclama&ccedil;&otilde;es sobre cobran&ccedil;as, atendimento ou falhas. O novo regulamento prev&ecirc;, no entanto, que ser&atilde;o computadas queixas relacionadas &agrave; programa&ccedil;&atilde;o. Apenas estar&atilde;o exclu&iacute;das dessas &hellip; <a href=\"https:\/\/obscom.intervozes.org.br\/?p=25618\" class=\"more-link\">Continue lendo <span class=\"screen-reader-text\">Qualidade na TV paga inclui poder de mercado e reclama\u00e7\u00f5es sobre conte\u00fado<\/span> <span class=\"meta-nav\">&rarr;<\/span><\/a><\/p>\n","protected":false},"author":1,"featured_media":0,"comment_status":"open","ping_status":"open","sticky":false,"template":"","format":"standard","meta":{"footnotes":""},"categories":[40],"tags":[512],"_links":{"self":[{"href":"https:\/\/obscom.intervozes.org.br\/index.php?rest_route=\/wp\/v2\/posts\/25618"}],"collection":[{"href":"https:\/\/obscom.intervozes.org.br\/index.php?rest_route=\/wp\/v2\/posts"}],"about":[{"href":"https:\/\/obscom.intervozes.org.br\/index.php?rest_route=\/wp\/v2\/types\/post"}],"author":[{"embeddable":true,"href":"https:\/\/obscom.intervozes.org.br\/index.php?rest_route=\/wp\/v2\/users\/1"}],"replies":[{"embeddable":true,"href":"https:\/\/obscom.intervozes.org.br\/index.php?rest_route=%2Fwp%2Fv2%2Fcomments&post=25618"}],"version-history":[{"count":0,"href":"https:\/\/obscom.intervozes.org.br\/index.php?rest_route=\/wp\/v2\/posts\/25618\/revisions"}],"wp:attachment":[{"href":"https:\/\/obscom.intervozes.org.br\/index.php?rest_route=%2Fwp%2Fv2%2Fmedia&parent=25618"}],"wp:term":[{"taxonomy":"category","embeddable":true,"href":"https:\/\/obscom.intervozes.org.br\/index.php?rest_route=%2Fwp%2Fv2%2Fcategories&post=25618"},{"taxonomy":"post_tag","embeddable":true,"href":"https:\/\/obscom.intervozes.org.br\/index.php?rest_route=%2Fwp%2Fv2%2Ftags&post=25618"}],"curies":[{"name":"wp","href":"https:\/\/api.w.org\/{rel}","templated":true}]}}